{"id":1872,"date":"2021-11-24T12:23:00","date_gmt":"2021-11-24T11:23:00","guid":{"rendered":"https:\/\/blog.formenterabreak.com\/non-categorizzato\/iv-paese-di-formentera-es-calo-de-sant-agusti\/"},"modified":"2022-03-11T17:15:35","modified_gmt":"2022-03-11T16:15:35","slug":"iv-paese-di-formentera-es-calo-de-sant-agusti","status":"publish","type":"post","link":"https:\/\/blog.formenterabreak.com\/it\/formentera-it\/iv-paese-di-formentera-es-calo-de-sant-agusti\/","title":{"rendered":"IV Paese  di Formentera: Es Cal\u00f3 de Sant Agust\u00ed"},"content":{"rendered":"\n<h1 class=\"wp-block-heading\" id=\"un-recorrido-por-es-calo-de-sant-agusti\"><strong>Un tour per \u2026 Es Cal\u00f3 de Sant Agust\u00ed<\/strong><\/h1>\n\n<p class=\"wp-block-paragraph\">Probabilmente questo \u00e8 uno dei paesi pi\u00f9 affascinanti di tutta Formentera. Per farci un\u2019idea pensiamo a un luogo remoto, tranquillo, con acque calme, punteggiato dal bianco delle sue case e dal turchese del mare.<\/p>\n\n<p class=\"wp-block-paragraph\">Nonostante la sua popolazione non raggiunga i mille abitanti, \u00e8 uno dei luoghi preferiti dalla gente del posto e  dai turisti, che cercano di godersi la pura essenza di Formentera.&#13;\n&#13;\n<\/p>\n\n<p class=\"wp-block-paragraph\">Tradizione, gastronomia, sabbia e mare. Questo \u00e8 Es Cal\u00f3 de Sant Agust\u00ed, andiamo?<\/p>\n\n<h2 class=\"wp-block-heading\" id=\"bienvenidos-a-un-lugar-de-cuento\"><strong>Benvenuti in un luogo da favola<\/strong><\/h2>\n\n<p class=\"wp-block-paragraph\">Come si suol dire, solo poche case e stradine lastricate compongono il paese di Es Cal\u00f3. &#13;\n<\/p>\n\n<figure class=\"wp-block-image size-large\"><img data-recalc-dims=\"1\" loading=\"lazy\" decoding=\"async\" width=\"1024\" height=\"683\" src=\"https:\/\/i0.wp.com\/blog.formenterabreak.com\/wp-content\/uploads\/2022\/01\/es-calo.jpg?resize=1024%2C683&#038;ssl=1\" alt=\"\" class=\"wp-image-1412\" srcset=\"https:\/\/i0.wp.com\/blog.formenterabreak.com\/wp-content\/uploads\/2022\/01\/es-calo.jpg?resize=1024%2C683&amp;ssl=1 1024w, https:\/\/i0.wp.com\/blog.formenterabreak.com\/wp-content\/uploads\/2022\/01\/es-calo.jpg?resize=300%2C200&amp;ssl=1 300w, https:\/\/i0.wp.com\/blog.formenterabreak.com\/wp-content\/uploads\/2022\/01\/es-calo.jpg?resize=768%2C512&amp;ssl=1 768w, https:\/\/i0.wp.com\/blog.formenterabreak.com\/wp-content\/uploads\/2022\/01\/es-calo.jpg?resize=1536%2C1024&amp;ssl=1 1536w, https:\/\/i0.wp.com\/blog.formenterabreak.com\/wp-content\/uploads\/2022\/01\/es-calo.jpg?resize=1200%2C800&amp;ssl=1 1200w, https:\/\/i0.wp.com\/blog.formenterabreak.com\/wp-content\/uploads\/2022\/01\/es-calo.jpg?w=1900&amp;ssl=1 1900w\" sizes=\"auto, (max-width: 1024px) 100vw, 1024px\" \/><\/figure>\n<p class=\"wp-block-paragraph\">Intorno, una vasta distesa di vegetazione che sembra incorniciare questo piccolo villaggio di pescatori. Proprio la sua tradizione legata alla pesca \u00e8 una delle sue grandi attrazioni e ci\u00f2 che conferisce alla sua spiaggia quella particolarit\u00e0 che non tutte le calette di Formentera hanno.&#13;\n<\/p>\n\n<p class=\"wp-block-paragraph\">L&#8217;intera costa di Es Cal\u00f3 \u00e8 costellata da antichi moli in legno, che servivano &#8211; e talvolta servono ancora &#8211; da riparo alle barche dei pescatori locali. Inoltre, questi moli, per la peculiare immagine che conferiscono alla zona, sono stati dichiarati luogo di interesse culturale nel 2002.<\/p>\n\n<p class=\"wp-block-paragraph\">Anche se \u00e8 vero che la grande attrattiva di questa localit\u00e0 dell&#8217;isola \u00e8 la sua piccola e incantevole spiaggia, intorno ad essa si trovano innumerevoli zone balneari con altrettanto fascino della stessa Es Cal\u00f3. Queste piccole spiagge sabbiose, separate da tratti rocciosi, costituiscono Ses Platgetes.<\/p>\n\n<h2 class=\"wp-block-heading\" id=\"imprescindible-ver\"><strong>E\u2019 Fondamentale vedere\u2026<\/strong><\/h2>\n\n<p class=\"wp-block-paragraph\"><strong>La playa de Es Cal\u00f3.<\/strong> Probabilmente uno dei pi\u00f9 frequentati in alta stagione; tutti vogliono immergersi nella bellezza della sua sabbia bianca e finissima e nelle sfumature di colore delle sue acque cristalline.<\/p>\n\n<figure class=\"wp-block-gallery has-nested-images columns-default is-cropped wp-block-gallery-1 is-layout-flex wp-block-gallery-is-layout-flex\">\n<figure class=\"wp-block-image size-large\"><img data-recalc-dims=\"1\" loading=\"lazy\" decoding=\"async\" width=\"1024\" height=\"683\" data-id=\"1415\" src=\"https:\/\/i0.wp.com\/blog.formenterabreak.com\/wp-content\/uploads\/2022\/01\/MG_3142.jpg?resize=1024%2C683&#038;ssl=1\" alt=\"\" class=\"wp-image-1415\" srcset=\"https:\/\/i0.wp.com\/blog.formenterabreak.com\/wp-content\/uploads\/2022\/01\/MG_3142.jpg?resize=1024%2C683&amp;ssl=1 1024w, https:\/\/i0.wp.com\/blog.formenterabreak.com\/wp-content\/uploads\/2022\/01\/MG_3142.jpg?resize=300%2C200&amp;ssl=1 300w, https:\/\/i0.wp.com\/blog.formenterabreak.com\/wp-content\/uploads\/2022\/01\/MG_3142.jpg?resize=768%2C512&amp;ssl=1 768w, https:\/\/i0.wp.com\/blog.formenterabreak.com\/wp-content\/uploads\/2022\/01\/MG_3142.jpg?resize=1536%2C1024&amp;ssl=1 1536w, https:\/\/i0.wp.com\/blog.formenterabreak.com\/wp-content\/uploads\/2022\/01\/MG_3142.jpg?resize=2048%2C1365&amp;ssl=1 2048w, https:\/\/i0.wp.com\/blog.formenterabreak.com\/wp-content\/uploads\/2022\/01\/MG_3142.jpg?resize=1200%2C800&amp;ssl=1 1200w, https:\/\/i0.wp.com\/blog.formenterabreak.com\/wp-content\/uploads\/2022\/01\/MG_3142.jpg?w=2400&amp;ssl=1 2400w, https:\/\/i0.wp.com\/blog.formenterabreak.com\/wp-content\/uploads\/2022\/01\/MG_3142.jpg?w=3600&amp;ssl=1 3600w\" sizes=\"auto, (max-width: 1024px) 100vw, 1024px\" \/><\/figure>\n\n\n<figure class=\"wp-block-image size-large\"><img data-recalc-dims=\"1\" loading=\"lazy\" decoding=\"async\" width=\"1024\" height=\"683\" data-id=\"1417\" src=\"https:\/\/i0.wp.com\/blog.formenterabreak.com\/wp-content\/uploads\/2022\/01\/MG_3130.jpg?resize=1024%2C683&#038;ssl=1\" alt=\"\" class=\"wp-image-1417\" srcset=\"https:\/\/i0.wp.com\/blog.formenterabreak.com\/wp-content\/uploads\/2022\/01\/MG_3130.jpg?resize=1024%2C683&amp;ssl=1 1024w, https:\/\/i0.wp.com\/blog.formenterabreak.com\/wp-content\/uploads\/2022\/01\/MG_3130.jpg?resize=300%2C200&amp;ssl=1 300w, https:\/\/i0.wp.com\/blog.formenterabreak.com\/wp-content\/uploads\/2022\/01\/MG_3130.jpg?resize=768%2C512&amp;ssl=1 768w, https:\/\/i0.wp.com\/blog.formenterabreak.com\/wp-content\/uploads\/2022\/01\/MG_3130.jpg?resize=1536%2C1024&amp;ssl=1 1536w, https:\/\/i0.wp.com\/blog.formenterabreak.com\/wp-content\/uploads\/2022\/01\/MG_3130.jpg?resize=2048%2C1365&amp;ssl=1 2048w, https:\/\/i0.wp.com\/blog.formenterabreak.com\/wp-content\/uploads\/2022\/01\/MG_3130.jpg?resize=1200%2C800&amp;ssl=1 1200w, https:\/\/i0.wp.com\/blog.formenterabreak.com\/wp-content\/uploads\/2022\/01\/MG_3130.jpg?w=2400&amp;ssl=1 2400w, https:\/\/i0.wp.com\/blog.formenterabreak.com\/wp-content\/uploads\/2022\/01\/MG_3130.jpg?w=3600&amp;ssl=1 3600w\" sizes=\"auto, (max-width: 1024px) 100vw, 1024px\" \/><\/figure>\n\n\n<figure class=\"wp-block-image size-large\"><img data-recalc-dims=\"1\" loading=\"lazy\" decoding=\"async\" width=\"1024\" height=\"683\" data-id=\"1419\" src=\"https:\/\/i0.wp.com\/blog.formenterabreak.com\/wp-content\/uploads\/2022\/01\/MG_3134.jpg?resize=1024%2C683&#038;ssl=1\" alt=\"\" class=\"wp-image-1419\" srcset=\"https:\/\/i0.wp.com\/blog.formenterabreak.com\/wp-content\/uploads\/2022\/01\/MG_3134.jpg?resize=1024%2C683&amp;ssl=1 1024w, https:\/\/i0.wp.com\/blog.formenterabreak.com\/wp-content\/uploads\/2022\/01\/MG_3134.jpg?resize=300%2C200&amp;ssl=1 300w, https:\/\/i0.wp.com\/blog.formenterabreak.com\/wp-content\/uploads\/2022\/01\/MG_3134.jpg?resize=768%2C512&amp;ssl=1 768w, https:\/\/i0.wp.com\/blog.formenterabreak.com\/wp-content\/uploads\/2022\/01\/MG_3134.jpg?resize=1536%2C1024&amp;ssl=1 1536w, https:\/\/i0.wp.com\/blog.formenterabreak.com\/wp-content\/uploads\/2022\/01\/MG_3134.jpg?resize=2048%2C1365&amp;ssl=1 2048w, https:\/\/i0.wp.com\/blog.formenterabreak.com\/wp-content\/uploads\/2022\/01\/MG_3134.jpg?resize=1200%2C800&amp;ssl=1 1200w, https:\/\/i0.wp.com\/blog.formenterabreak.com\/wp-content\/uploads\/2022\/01\/MG_3134.jpg?w=2400&amp;ssl=1 2400w, https:\/\/i0.wp.com\/blog.formenterabreak.com\/wp-content\/uploads\/2022\/01\/MG_3134.jpg?w=3600&amp;ssl=1 3600w\" sizes=\"auto, (max-width: 1024px) 100vw, 1024px\" \/><\/figure><figcaption class=\"blocks-gallery-caption\">La spiaggia di Es Cal\u00f2 \u00e8 pura magia<\/figcaption><\/figure>\n\n<p class=\"wp-block-paragraph\"><strong>Ruta 25, Cam\u00ed de Sa Pujada.<\/strong> Percorso 25, Cami de Sa Pujada. A Formentera esiste una mappa consolidata con un massimo di 32 percorsi verdi che attraversano l&#8217;intera isola da un capo all&#8217;altro. Sono il piano ideale per avere una visione diversa di questo piccolo paradiso e per godersi una giornata in bicicletta o fare escursioni in compagnia della famiglia o degli amici. Qui, a Es Cal\u00f3, inizia uno dei percorsi di gran lunga pi\u00f9 belli, lo storico sentiero per scalare La Mola. Sentieri, scogliere, vegetazione e tanto altro, costeggiando il Mar Mediterraneo. Ottimo piano!<\/p>\n\n<p class=\"wp-block-paragraph\">Can Blai. Prima di raggiungere Es Cal\u00f3 de Sant Agust\u00ed, vale la pena fare una sosta in questo castello romano datato tra il III e il IV secolo. Ad oggi \u00e8 sopravvissuta una struttura composta dai resti di quattro torri difensive unite da mura.<\/p>\n\n<figure class=\"wp-block-gallery has-nested-images columns-default is-cropped wp-block-gallery-2 is-layout-flex wp-block-gallery-is-layout-flex\">\n<figure class=\"wp-block-image size-large\"><img data-recalc-dims=\"1\" loading=\"lazy\" decoding=\"async\" width=\"1024\" height=\"608\" data-id=\"1423\" src=\"https:\/\/i0.wp.com\/blog.formenterabreak.com\/wp-content\/uploads\/2022\/01\/090CanBlaiFeatureArqueoTrip.jpg?resize=1024%2C608&#038;ssl=1\" alt=\"\" class=\"wp-image-1423\" srcset=\"https:\/\/i0.wp.com\/blog.formenterabreak.com\/wp-content\/uploads\/2022\/01\/090CanBlaiFeatureArqueoTrip.jpg?resize=1024%2C608&amp;ssl=1 1024w, https:\/\/i0.wp.com\/blog.formenterabreak.com\/wp-content\/uploads\/2022\/01\/090CanBlaiFeatureArqueoTrip.jpg?resize=300%2C178&amp;ssl=1 300w, https:\/\/i0.wp.com\/blog.formenterabreak.com\/wp-content\/uploads\/2022\/01\/090CanBlaiFeatureArqueoTrip.jpg?resize=768%2C456&amp;ssl=1 768w, https:\/\/i0.wp.com\/blog.formenterabreak.com\/wp-content\/uploads\/2022\/01\/090CanBlaiFeatureArqueoTrip.jpg?resize=1200%2C713&amp;ssl=1 1200w, https:\/\/i0.wp.com\/blog.formenterabreak.com\/wp-content\/uploads\/2022\/01\/090CanBlaiFeatureArqueoTrip.jpg?w=1280&amp;ssl=1 1280w\" sizes=\"auto, (max-width: 1024px) 100vw, 1024px\" \/><\/figure>\n\n\n<figure class=\"wp-block-image size-large\"><img data-recalc-dims=\"1\" loading=\"lazy\" decoding=\"async\" width=\"700\" height=\"525\" data-id=\"1421\" src=\"https:\/\/i0.wp.com\/blog.formenterabreak.com\/wp-content\/uploads\/2022\/01\/cami-de-sa-pujada.jpg?resize=700%2C525&#038;ssl=1\" alt=\"\" class=\"wp-image-1421\" srcset=\"https:\/\/i0.wp.com\/blog.formenterabreak.com\/wp-content\/uploads\/2022\/01\/cami-de-sa-pujada.jpg?w=700&amp;ssl=1 700w, https:\/\/i0.wp.com\/blog.formenterabreak.com\/wp-content\/uploads\/2022\/01\/cami-de-sa-pujada.jpg?resize=300%2C225&amp;ssl=1 300w, https:\/\/i0.wp.com\/blog.formenterabreak.com\/wp-content\/uploads\/2022\/01\/cami-de-sa-pujada.jpg?resize=400%2C300&amp;ssl=1 400w, https:\/\/i0.wp.com\/blog.formenterabreak.com\/wp-content\/uploads\/2022\/01\/cami-de-sa-pujada.jpg?resize=200%2C150&amp;ssl=1 200w\" sizes=\"auto, (max-width: 700px) 100vw, 700px\" \/><\/figure><\/figure>\n\n<h2 class=\"wp-block-heading\" id=\"bares-restaurantes-cafeterias\"><strong>Bar, ristoranti, caffetterie\u2026<\/strong><\/h2>\n\n<p class=\"wp-block-paragraph\">Nonostante le sue ridotte dimensioni, qui troverete alcune delle proposte gastronomiche pi\u00f9 acclamate dell&#8217;isola. Dicono che sia uno dei posti dove mangiare il miglior pesce. Dev&#8217;essere per una ragione, giusto?<\/p>\n\n<p class=\"wp-block-paragraph\"><a href=\"https:\/\/www.canrafalet.es\" target=\"_blank\" rel=\"noopener\"><strong>Ristorante Can Rafalet<\/strong> <\/a>Uno di quelli di tutta la vita, tradizionale e con buon cibo. Cucina locale, prodotti squisiti e trattamento attento e cordiale. Inoltre, ha un &#8220;plus&#8221; privilegiato: una terrazza all&#8217;aperto con vista sulla costa di Es Cal\u00f3. Aperto solo in stagione.<\/p>\n\n<p class=\"wp-block-paragraph\"><a href=\"https:\/\/www.restauranteescalo.com\/formentera\" target=\"_blank\" rel=\"noopener\"><strong>Restaurante Es Cal\u00f3<\/strong><\/a>. \u00c8 uno dei pi\u00f9 apprezzati dell&#8217;intera isola. Per il suo prodotto, per la sua elaborazione, per il tratto e per il suo ambiente. Anche se il prezzo \u00e8 leggermente superiore alla media di Formentera, vale assolutamente la pena fermarsi qui. Aperto tutto l&#8217;anno.<\/p>\n\n<figure class=\"wp-block-gallery has-nested-images columns-default is-cropped wp-block-gallery-3 is-layout-flex wp-block-gallery-is-layout-flex\">\n<figure class=\"wp-block-image size-large\"><img data-recalc-dims=\"1\" loading=\"lazy\" decoding=\"async\" width=\"1024\" height=\"683\" data-id=\"1428\" src=\"https:\/\/i0.wp.com\/blog.formenterabreak.com\/wp-content\/uploads\/2022\/01\/MG_0002.jpg?resize=1024%2C683&#038;ssl=1\" alt=\"\" class=\"wp-image-1428\" srcset=\"https:\/\/i0.wp.com\/blog.formenterabreak.com\/wp-content\/uploads\/2022\/01\/MG_0002.jpg?resize=1024%2C683&amp;ssl=1 1024w, https:\/\/i0.wp.com\/blog.formenterabreak.com\/wp-content\/uploads\/2022\/01\/MG_0002.jpg?resize=300%2C200&amp;ssl=1 300w, https:\/\/i0.wp.com\/blog.formenterabreak.com\/wp-content\/uploads\/2022\/01\/MG_0002.jpg?resize=768%2C512&amp;ssl=1 768w, https:\/\/i0.wp.com\/blog.formenterabreak.com\/wp-content\/uploads\/2022\/01\/MG_0002.jpg?resize=1536%2C1024&amp;ssl=1 1536w, https:\/\/i0.wp.com\/blog.formenterabreak.com\/wp-content\/uploads\/2022\/01\/MG_0002.jpg?resize=2048%2C1365&amp;ssl=1 2048w, https:\/\/i0.wp.com\/blog.formenterabreak.com\/wp-content\/uploads\/2022\/01\/MG_0002.jpg?resize=1200%2C800&amp;ssl=1 1200w, https:\/\/i0.wp.com\/blog.formenterabreak.com\/wp-content\/uploads\/2022\/01\/MG_0002.jpg?w=2400&amp;ssl=1 2400w, https:\/\/i0.wp.com\/blog.formenterabreak.com\/wp-content\/uploads\/2022\/01\/MG_0002.jpg?w=3600&amp;ssl=1 3600w\" sizes=\"auto, (max-width: 1024px) 100vw, 1024px\" \/><\/figure>\n\n\n<figure class=\"wp-block-image size-large\"><img data-recalc-dims=\"1\" loading=\"lazy\" decoding=\"async\" width=\"1024\" height=\"684\" data-id=\"1426\" src=\"https:\/\/i0.wp.com\/blog.formenterabreak.com\/wp-content\/uploads\/2022\/01\/Can-Rafalet.jpg?resize=1024%2C684&#038;ssl=1\" alt=\"\" class=\"wp-image-1426\" srcset=\"https:\/\/i0.wp.com\/blog.formenterabreak.com\/wp-content\/uploads\/2022\/01\/Can-Rafalet.jpg?resize=1024%2C684&amp;ssl=1 1024w, https:\/\/i0.wp.com\/blog.formenterabreak.com\/wp-content\/uploads\/2022\/01\/Can-Rafalet.jpg?resize=300%2C200&amp;ssl=1 300w, https:\/\/i0.wp.com\/blog.formenterabreak.com\/wp-content\/uploads\/2022\/01\/Can-Rafalet.jpg?resize=768%2C513&amp;ssl=1 768w, https:\/\/i0.wp.com\/blog.formenterabreak.com\/wp-content\/uploads\/2022\/01\/Can-Rafalet.jpg?resize=1536%2C1026&amp;ssl=1 1536w, https:\/\/i0.wp.com\/blog.formenterabreak.com\/wp-content\/uploads\/2022\/01\/Can-Rafalet.jpg?resize=1200%2C801&amp;ssl=1 1200w, https:\/\/i0.wp.com\/blog.formenterabreak.com\/wp-content\/uploads\/2022\/01\/Can-Rafalet.jpg?w=1920&amp;ssl=1 1920w\" sizes=\"auto, (max-width: 1024px) 100vw, 1024px\" \/><\/figure><\/figure>\n\n<h2 class=\"wp-block-heading\" id=\"alojamientos-en-es-calo-de-san-augusti\"><strong>Alloggi a Es Cal\u00f3 de San August\u00ed<\/strong><\/h2>\n\n<p class=\"wp-block-paragraph\">Il tempo di riposo \u00e8 fondamentale, e ancora di pi\u00f9 dopo una giornata al mare, giusto? Ebbene, poich\u00e9 sappiamo che vi siete innamorato della zona di Es Cal\u00f3 tanto quanto noi, ecco un paio di opzioni di alloggio per godervi  al meglio la vostra esperienza sull&#8217;isola.<\/p>\n\n<p class=\"wp-block-paragraph\"><a href=\"https:\/\/www.formenterabreak.es\/cavall-de-llevant-es-calo-de-sant-agusti\" target=\"_blank\" rel=\"noopener\"><strong>Cavall del Llevant.<\/strong><\/a> Impossibile non innamorarsi di questo appartamento. Nel cuore della citt\u00e0 di Es Cal\u00f3, questo alloggio \u00e8 perfetto per una fuga romantica. Finemente decorato, accogliente, luminoso e con vista sulla sua spiaggia idilliaca. Inoltre, ha una bellissima terrazza ottimo per una deliziosa colazione con vista.<\/p>\n\n<figure class=\"wp-block-gallery has-nested-images columns-default is-cropped wp-block-gallery-4 is-layout-flex wp-block-gallery-is-layout-flex\">\n<figure class=\"wp-block-image size-large\"><img data-recalc-dims=\"1\" loading=\"lazy\" decoding=\"async\" width=\"1024\" height=\"745\" data-id=\"1431\" src=\"https:\/\/i0.wp.com\/blog.formenterabreak.com\/wp-content\/uploads\/2022\/01\/cavall-del-llevant.jpg?resize=1024%2C745&#038;ssl=1\" alt=\"\" class=\"wp-image-1431\" srcset=\"https:\/\/i0.wp.com\/blog.formenterabreak.com\/wp-content\/uploads\/2022\/01\/cavall-del-llevant.jpg?resize=1024%2C745&amp;ssl=1 1024w, https:\/\/i0.wp.com\/blog.formenterabreak.com\/wp-content\/uploads\/2022\/01\/cavall-del-llevant.jpg?resize=300%2C218&amp;ssl=1 300w, https:\/\/i0.wp.com\/blog.formenterabreak.com\/wp-content\/uploads\/2022\/01\/cavall-del-llevant.jpg?resize=768%2C559&amp;ssl=1 768w, https:\/\/i0.wp.com\/blog.formenterabreak.com\/wp-content\/uploads\/2022\/01\/cavall-del-llevant.jpg?w=1056&amp;ssl=1 1056w\" sizes=\"auto, (max-width: 1024px) 100vw, 1024px\" \/><\/figure>\n\n\n<figure class=\"wp-block-image size-large\"><img data-recalc-dims=\"1\" loading=\"lazy\" decoding=\"async\" width=\"1024\" height=\"745\" data-id=\"1433\" src=\"https:\/\/i0.wp.com\/blog.formenterabreak.com\/wp-content\/uploads\/2022\/01\/b48d0c40c677417148a3e8471adf03023c1d31e6.jpg?resize=1024%2C745&#038;ssl=1\" alt=\"\" class=\"wp-image-1433\" srcset=\"https:\/\/i0.wp.com\/blog.formenterabreak.com\/wp-content\/uploads\/2022\/01\/b48d0c40c677417148a3e8471adf03023c1d31e6.jpg?resize=1024%2C745&amp;ssl=1 1024w, https:\/\/i0.wp.com\/blog.formenterabreak.com\/wp-content\/uploads\/2022\/01\/b48d0c40c677417148a3e8471adf03023c1d31e6.jpg?resize=300%2C218&amp;ssl=1 300w, https:\/\/i0.wp.com\/blog.formenterabreak.com\/wp-content\/uploads\/2022\/01\/b48d0c40c677417148a3e8471adf03023c1d31e6.jpg?resize=768%2C559&amp;ssl=1 768w, https:\/\/i0.wp.com\/blog.formenterabreak.com\/wp-content\/uploads\/2022\/01\/b48d0c40c677417148a3e8471adf03023c1d31e6.jpg?w=1056&amp;ssl=1 1056w\" sizes=\"auto, (max-width: 1024px) 100vw, 1024px\" \/><\/figure>\n\n\n<figure class=\"wp-block-image size-large\"><img data-recalc-dims=\"1\" loading=\"lazy\" decoding=\"async\" width=\"1024\" height=\"745\" data-id=\"1435\" src=\"https:\/\/i0.wp.com\/blog.formenterabreak.com\/wp-content\/uploads\/2022\/01\/cfff1c8ec51d3b6ca2ad7f84186677cccebc02cb.jpg?resize=1024%2C745&#038;ssl=1\" alt=\"\" class=\"wp-image-1435\" srcset=\"https:\/\/i0.wp.com\/blog.formenterabreak.com\/wp-content\/uploads\/2022\/01\/cfff1c8ec51d3b6ca2ad7f84186677cccebc02cb.jpg?resize=1024%2C745&amp;ssl=1 1024w, https:\/\/i0.wp.com\/blog.formenterabreak.com\/wp-content\/uploads\/2022\/01\/cfff1c8ec51d3b6ca2ad7f84186677cccebc02cb.jpg?resize=300%2C218&amp;ssl=1 300w, https:\/\/i0.wp.com\/blog.formenterabreak.com\/wp-content\/uploads\/2022\/01\/cfff1c8ec51d3b6ca2ad7f84186677cccebc02cb.jpg?resize=768%2C559&amp;ssl=1 768w, https:\/\/i0.wp.com\/blog.formenterabreak.com\/wp-content\/uploads\/2022\/01\/cfff1c8ec51d3b6ca2ad7f84186677cccebc02cb.jpg?w=1056&amp;ssl=1 1056w\" sizes=\"auto, (max-width: 1024px) 100vw, 1024px\" \/><\/figure><\/figure>\n\n<p class=\"wp-block-paragraph\"><strong><a href=\"https:\/\/www.formenterabreak.es\/ses-botges-es-calo-de-sant-agusti\" target=\"_blank\" rel=\"noopener\">Ses Botges.<\/a> <\/strong>Se quello che cerchi \u00e8 non incrociare nessuno, avere il tuo spazio privato e, in pi\u00f9, una spiaggia a meno di 50 metri,questo \u00e8 quello che fa per te. Un piccolo angolo di paradiso,ad un passo da Es Cal\u00f3, ma immerso da boschi di pini, queste piccole case hanno tutto ci\u00f2 che si pu\u00f2 desiderare per una vacanza in assoluta desconnessione..<\/p>\n\n<figure class=\"wp-block-gallery has-nested-images columns-default is-cropped wp-block-gallery-5 is-layout-flex wp-block-gallery-is-layout-flex\">\n<figure class=\"wp-block-image size-large\"><img data-recalc-dims=\"1\" loading=\"lazy\" decoding=\"async\" width=\"990\" height=\"720\" data-id=\"1442\" src=\"https:\/\/i0.wp.com\/blog.formenterabreak.com\/wp-content\/uploads\/2022\/01\/2b7aa07b1e7f99352e7c611387fd7209ecc201f0.jpg?resize=990%2C720&#038;ssl=1\" alt=\"\" class=\"wp-image-1442\" srcset=\"https:\/\/i0.wp.com\/blog.formenterabreak.com\/wp-content\/uploads\/2022\/01\/2b7aa07b1e7f99352e7c611387fd7209ecc201f0.jpg?w=990&amp;ssl=1 990w, https:\/\/i0.wp.com\/blog.formenterabreak.com\/wp-content\/uploads\/2022\/01\/2b7aa07b1e7f99352e7c611387fd7209ecc201f0.jpg?resize=300%2C218&amp;ssl=1 300w, https:\/\/i0.wp.com\/blog.formenterabreak.com\/wp-content\/uploads\/2022\/01\/2b7aa07b1e7f99352e7c611387fd7209ecc201f0.jpg?resize=768%2C559&amp;ssl=1 768w\" sizes=\"auto, (max-width: 990px) 100vw, 990px\" \/><\/figure>\n\n\n<figure class=\"wp-block-image size-large\"><img data-recalc-dims=\"1\" loading=\"lazy\" decoding=\"async\" width=\"990\" height=\"720\" data-id=\"1439\" src=\"https:\/\/i0.wp.com\/blog.formenterabreak.com\/wp-content\/uploads\/2022\/01\/a63664d128e26c97a3bd3f5e0517338609bf5f6b.jpg?resize=990%2C720&#038;ssl=1\" alt=\"\" class=\"wp-image-1439\" srcset=\"https:\/\/i0.wp.com\/blog.formenterabreak.com\/wp-content\/uploads\/2022\/01\/a63664d128e26c97a3bd3f5e0517338609bf5f6b.jpg?w=990&amp;ssl=1 990w, https:\/\/i0.wp.com\/blog.formenterabreak.com\/wp-content\/uploads\/2022\/01\/a63664d128e26c97a3bd3f5e0517338609bf5f6b.jpg?resize=300%2C218&amp;ssl=1 300w, https:\/\/i0.wp.com\/blog.formenterabreak.com\/wp-content\/uploads\/2022\/01\/a63664d128e26c97a3bd3f5e0517338609bf5f6b.jpg?resize=768%2C559&amp;ssl=1 768w\" sizes=\"auto, (max-width: 990px) 100vw, 990px\" \/><\/figure>\n\n\n<figure class=\"wp-block-image size-large\"><img data-recalc-dims=\"1\" loading=\"lazy\" decoding=\"async\" width=\"990\" height=\"720\" data-id=\"1438\" src=\"https:\/\/i0.wp.com\/blog.formenterabreak.com\/wp-content\/uploads\/2022\/01\/5bfbc14d779e4e281d435bdffe44768701849474.jpg?resize=990%2C720&#038;ssl=1\" alt=\"\" class=\"wp-image-1438\" srcset=\"https:\/\/i0.wp.com\/blog.formenterabreak.com\/wp-content\/uploads\/2022\/01\/5bfbc14d779e4e281d435bdffe44768701849474.jpg?w=990&amp;ssl=1 990w, https:\/\/i0.wp.com\/blog.formenterabreak.com\/wp-content\/uploads\/2022\/01\/5bfbc14d779e4e281d435bdffe44768701849474.jpg?resize=300%2C218&amp;ssl=1 300w, https:\/\/i0.wp.com\/blog.formenterabreak.com\/wp-content\/uploads\/2022\/01\/5bfbc14d779e4e281d435bdffe44768701849474.jpg?resize=768%2C559&amp;ssl=1 768w\" sizes=\"auto, (max-width: 990px) 100vw, 990px\" \/><\/figure><\/figure>\n\n<p class=\"wp-block-paragraph\"><\/p>\n","protected":false},"excerpt":{"rendered":"<p>Un tour per \u2026 Es Cal\u00f3 de Sant Agust\u00ed Probabilmente questo \u00e8 uno dei paesi pi\u00f9 affascinanti di tutta Formentera. Per farci un\u2019idea pensiamo a un luogo remoto, tranquillo, con acque calme, punteggiato dal bianco delle sue case e dal turchese del mare. Nonostante la sua popolazione non raggiunga i mille abitanti, \u00e8 uno dei [&hellip;]<\/p>\n","protected":false},"author":205492823,"featured_media":1411,"comment_status":"open","ping_status":"open","sticky":false,"template":"","format":"standard","meta":{"_coblocks_attr":"","_coblocks_dimensions":"","_coblocks_responsive_height":"","_coblocks_accordion_ie_support":"","ocean_front_end_style_editor":"no","ocean_post_layout":"","ocean_both_sidebars_style":"","ocean_both_sidebars_content_width":0,"ocean_both_sidebars_sidebars_width":0,"ocean_sidebar":"0","ocean_second_sidebar":"0","ocean_disable_margins":"enable","ocean_add_body_class":"","ocean_shortcode_before_top_bar":"","ocean_shortcode_after_top_bar":"","ocean_shortcode_before_header":"","ocean_shortcode_after_header":"","ocean_has_shortcode":"","ocean_shortcode_after_title":"","ocean_shortcode_before_footer_widgets":"","ocean_shortcode_after_footer_widgets":"","ocean_shortcode_before_footer_bottom":"","ocean_shortcode_after_footer_bottom":"","ocean_display_top_bar":"default","ocean_display_header":"default","ocean_header_style":"","ocean_center_header_left_menu":"0","ocean_custom_header_template":"0","ocean_custom_logo":0,"ocean_custom_retina_logo":0,"ocean_custom_logo_max_width":0,"ocean_custom_logo_tablet_max_width":0,"ocean_custom_logo_mobile_max_width":0,"ocean_custom_logo_max_height":0,"ocean_custom_logo_tablet_max_height":0,"ocean_custom_logo_mobile_max_height":0,"ocean_header_custom_menu":"0","ocean_menu_typo_font_family":"0","ocean_menu_typo_font_subset":"","ocean_menu_typo_font_size":0,"ocean_menu_typo_font_size_tablet":0,"ocean_menu_typo_font_size_mobile":0,"ocean_menu_typo_font_size_unit":"px","ocean_menu_typo_font_weight":"","ocean_menu_typo_font_weight_tablet":"","ocean_menu_typo_font_weight_mobile":"","ocean_menu_typo_transform":"","ocean_menu_typo_transform_tablet":"","ocean_menu_typo_transform_mobile":"","ocean_menu_typo_line_height":0,"ocean_menu_typo_line_height_tablet":0,"ocean_menu_typo_line_height_mobile":0,"ocean_menu_typo_line_height_unit":"","ocean_menu_typo_spacing":0,"ocean_menu_typo_spacing_tablet":0,"ocean_menu_typo_spacing_mobile":0,"ocean_menu_typo_spacing_unit":"","ocean_menu_link_color":"","ocean_menu_link_color_hover":"","ocean_menu_link_color_active":"","ocean_menu_link_background":"","ocean_menu_link_hover_background":"","ocean_menu_link_active_background":"","ocean_menu_social_links_bg":"","ocean_menu_social_hover_links_bg":"","ocean_menu_social_links_color":"","ocean_menu_social_hover_links_color":"","ocean_disable_title":"default","ocean_disable_heading":"default","ocean_post_title":"","ocean_post_subheading":"","ocean_post_title_style":"","ocean_post_title_background_color":"","ocean_post_title_background":0,"ocean_post_title_bg_image_position":"","ocean_post_title_bg_image_attachment":"","ocean_post_title_bg_image_repeat":"","ocean_post_title_bg_image_size":"","ocean_post_title_height":0,"ocean_post_title_bg_overlay":0.5,"ocean_post_title_bg_overlay_color":"","ocean_disable_breadcrumbs":"default","ocean_breadcrumbs_color":"","ocean_breadcrumbs_separator_color":"","ocean_breadcrumbs_links_color":"","ocean_breadcrumbs_links_hover_color":"","ocean_display_footer_widgets":"default","ocean_display_footer_bottom":"default","ocean_custom_footer_template":"0","_jetpack_newsletter_access":"","_jetpack_dont_email_post_to_subs":false,"_jetpack_newsletter_tier_id":0,"_jetpack_memberships_contains_paywalled_content":false,"_wpcom_ai_launchpad_first_post":false,"_jetpack_feature_clip_id":0,"_jetpack_memberships_contains_paid_content":false,"ocean_post_oembed":"","ocean_post_self_hosted_media":"","ocean_post_video_embed":"","ocean_link_format":"","ocean_link_format_target":"self","ocean_quote_format":"","ocean_quote_format_link":"post","ocean_gallery_link_images":"on","ocean_gallery_id":[],"footnotes":"","jetpack_publicize_message":"{title}\n\n{excerpt}\n\n{url}","jetpack_publicize_feature_enabled":true,"jetpack_social_post_already_shared":true,"jetpack_social_options":{"image_generator_settings":{"template":"highway","default_image_id":0,"font":"","enabled":false},"version":2},"_wpas_customize_per_network":false,"jetpack_post_was_ever_published":false},"categories":[122124,122131,122132],"tags":[122143,122162,122160,122159,122125,122161,122163],"class_list":["post-1872","post","type-post","status-publish","format-standard","has-post-thumbnail","hentry","category-formentera-it","category-gastronomia-it","category-piani-a-formenetra","tag-che-fare-a-formentera","tag-cosa-vedere-a-es-calo-di-sant-augusti","tag-cosa-vedere-a-formentera-it","tag-es-calo-de-sant-agusti-it","tag-formentera-break-it","tag-piani-a-formenetra","tag-spiaggia-di-es-calo","entry","has-media"],"yoast_head":"<!-- This site is optimized with the Yoast SEO plugin v28.3 - https:\/\/yoast.com\/product\/yoast-seo-wordpress\/ -->\n<title>IV Paese di Formentera: Es Cal\u00f3 de Sant Agust\u00ed<\/title>\n<meta name=\"description\" content=\"Tutto ci\u00f2 che \u00e8 piccolo \u00e8 bello. Una delle cittadine pi\u00f9 affascinanti e con una delle spiagge pi\u00f9 magiche, venite?\" \/>\n<meta name=\"robots\" content=\"index, follow, max-snippet:-1, max-image-preview:large, max-video-preview:-1\" \/>\n<link rel=\"canonical\" href=\"https:\/\/blog.formenterabreak.com\/it\/formentera-it\/iv-paese-di-formentera-es-calo-de-sant-agusti\/\" \/>\n<meta property=\"og:locale\" content=\"it_IT\" \/>\n<meta property=\"og:type\" content=\"article\" \/>\n<meta property=\"og:title\" content=\"IV Paese di Formentera: Es Cal\u00f3 de Sant Agust\u00ed\" \/>\n<meta property=\"og:description\" content=\"Tutto ci\u00f2 che \u00e8 piccolo \u00e8 bello. Una delle cittadine pi\u00f9 affascinanti e con una delle spiagge pi\u00f9 magiche, venite?\" \/>\n<meta property=\"og:url\" content=\"https:\/\/blog.formenterabreak.com\/it\/formentera-it\/iv-paese-di-formentera-es-calo-de-sant-agusti\/\" \/>\n<meta property=\"og:site_name\" content=\"Formentera en Blog\" \/>\n<meta property=\"article:publisher\" content=\"https:\/\/www.facebook.com\/formenterabreak\" \/>\n<meta property=\"article:published_time\" content=\"2021-11-24T11:23:00+00:00\" \/>\n<meta property=\"article:modified_time\" content=\"2022-03-11T16:15:35+00:00\" \/>\n<meta property=\"og:image\" content=\"https:\/\/blog.formenterabreak.com\/wp-content\/uploads\/2022\/01\/es-calo-shutterstcok-4.jpg\" \/>\n\t<meta property=\"og:image:width\" content=\"1900\" \/>\n\t<meta property=\"og:image:height\" content=\"1267\" \/>\n\t<meta property=\"og:image:type\" content=\"image\/jpeg\" \/>\n<meta name=\"author\" content=\"formenterabreak\" \/>\n<meta name=\"twitter:card\" content=\"summary_large_image\" \/>\n<meta name=\"twitter:label1\" content=\"Scritto da\" \/>\n\t<meta name=\"twitter:data1\" content=\"formenterabreak\" \/>\n\t<meta name=\"twitter:label2\" content=\"Tempo di lettura stimato\" \/>\n\t<meta name=\"twitter:data2\" content=\"3 minuti\" \/>\n<script type=\"application\/ld+json\" class=\"yoast-schema-graph\">{\"@context\":\"https:\\\/\\\/schema.org\",\"@graph\":[{\"@type\":\"Article\",\"@id\":\"https:\\\/\\\/blog.formenterabreak.com\\\/it\\\/formentera-it\\\/iv-paese-di-formentera-es-calo-de-sant-agusti\\\/#article\",\"isPartOf\":{\"@id\":\"https:\\\/\\\/blog.formenterabreak.com\\\/it\\\/formentera-it\\\/iv-paese-di-formentera-es-calo-de-sant-agusti\\\/\"},\"author\":{\"name\":\"formenterabreak\",\"@id\":\"https:\\\/\\\/blog.formenterabreak.com\\\/#\\\/schema\\\/person\\\/0cb261818cd2b72826c69277bf1e354b\"},\"headline\":\"IV Paese di Formentera: Es Cal\u00f3 de Sant Agust\u00ed\",\"datePublished\":\"2021-11-24T11:23:00+00:00\",\"dateModified\":\"2022-03-11T16:15:35+00:00\",\"mainEntityOfPage\":{\"@id\":\"https:\\\/\\\/blog.formenterabreak.com\\\/it\\\/formentera-it\\\/iv-paese-di-formentera-es-calo-de-sant-agusti\\\/\"},\"wordCount\":713,\"commentCount\":0,\"publisher\":{\"@id\":\"https:\\\/\\\/blog.formenterabreak.com\\\/#organization\"},\"image\":{\"@id\":\"https:\\\/\\\/blog.formenterabreak.com\\\/it\\\/formentera-it\\\/iv-paese-di-formentera-es-calo-de-sant-agusti\\\/#primaryimage\"},\"thumbnailUrl\":\"https:\\\/\\\/i0.wp.com\\\/blog.formenterabreak.com\\\/wp-content\\\/uploads\\\/2022\\\/01\\\/es-calo-shutterstcok-4-e1649115482733.jpg?fit=1900%2C1267&ssl=1\",\"keywords\":[\"Che fare a Formentera\",\"cosa vedere a es cal\u00f3 di Sant August\u00ec\",\"cosa vedere a Formentera\",\"Es cal\u00f3 de Sant Agust\u00ed\",\"Formentera Break\",\"piani a Formenetra\",\"spiaggia di es cal\u00f3\"],\"articleSection\":[\"Formentera\",\"Gastronomia\",\"Piani a Formenetra\"],\"inLanguage\":\"it-IT\",\"potentialAction\":[{\"@type\":\"CommentAction\",\"name\":\"Comment\",\"target\":[\"https:\\\/\\\/blog.formenterabreak.com\\\/it\\\/formentera-it\\\/iv-paese-di-formentera-es-calo-de-sant-agusti\\\/#respond\"]}]},{\"@type\":\"WebPage\",\"@id\":\"https:\\\/\\\/blog.formenterabreak.com\\\/it\\\/formentera-it\\\/iv-paese-di-formentera-es-calo-de-sant-agusti\\\/\",\"url\":\"https:\\\/\\\/blog.formenterabreak.com\\\/it\\\/formentera-it\\\/iv-paese-di-formentera-es-calo-de-sant-agusti\\\/\",\"name\":\"IV Paese di Formentera: Es Cal\u00f3 de Sant Agust\u00ed\",\"isPartOf\":{\"@id\":\"https:\\\/\\\/blog.formenterabreak.com\\\/#website\"},\"primaryImageOfPage\":{\"@id\":\"https:\\\/\\\/blog.formenterabreak.com\\\/it\\\/formentera-it\\\/iv-paese-di-formentera-es-calo-de-sant-agusti\\\/#primaryimage\"},\"image\":{\"@id\":\"https:\\\/\\\/blog.formenterabreak.com\\\/it\\\/formentera-it\\\/iv-paese-di-formentera-es-calo-de-sant-agusti\\\/#primaryimage\"},\"thumbnailUrl\":\"https:\\\/\\\/i0.wp.com\\\/blog.formenterabreak.com\\\/wp-content\\\/uploads\\\/2022\\\/01\\\/es-calo-shutterstcok-4-e1649115482733.jpg?fit=1900%2C1267&ssl=1\",\"datePublished\":\"2021-11-24T11:23:00+00:00\",\"dateModified\":\"2022-03-11T16:15:35+00:00\",\"description\":\"Tutto ci\u00f2 che \u00e8 piccolo \u00e8 bello. Una delle cittadine pi\u00f9 affascinanti e con una delle spiagge pi\u00f9 magiche, venite?\",\"breadcrumb\":{\"@id\":\"https:\\\/\\\/blog.formenterabreak.com\\\/it\\\/formentera-it\\\/iv-paese-di-formentera-es-calo-de-sant-agusti\\\/#breadcrumb\"},\"inLanguage\":\"it-IT\",\"potentialAction\":[{\"@type\":\"ReadAction\",\"target\":[\"https:\\\/\\\/blog.formenterabreak.com\\\/it\\\/formentera-it\\\/iv-paese-di-formentera-es-calo-de-sant-agusti\\\/\"]}]},{\"@type\":\"ImageObject\",\"inLanguage\":\"it-IT\",\"@id\":\"https:\\\/\\\/blog.formenterabreak.com\\\/it\\\/formentera-it\\\/iv-paese-di-formentera-es-calo-de-sant-agusti\\\/#primaryimage\",\"url\":\"https:\\\/\\\/i0.wp.com\\\/blog.formenterabreak.com\\\/wp-content\\\/uploads\\\/2022\\\/01\\\/es-calo-shutterstcok-4-e1649115482733.jpg?fit=1900%2C1267&ssl=1\",\"contentUrl\":\"https:\\\/\\\/i0.wp.com\\\/blog.formenterabreak.com\\\/wp-content\\\/uploads\\\/2022\\\/01\\\/es-calo-shutterstcok-4-e1649115482733.jpg?fit=1900%2C1267&ssl=1\",\"width\":1900,\"height\":1267},{\"@type\":\"BreadcrumbList\",\"@id\":\"https:\\\/\\\/blog.formenterabreak.com\\\/it\\\/formentera-it\\\/iv-paese-di-formentera-es-calo-de-sant-agusti\\\/#breadcrumb\",\"itemListElement\":[{\"@type\":\"ListItem\",\"position\":1,\"name\":\"Portada\",\"item\":\"https:\\\/\\\/blog.formenterabreak.com\\\/\"},{\"@type\":\"ListItem\",\"position\":2,\"name\":\"IV Paese di Formentera: Es Cal\u00f3 de Sant Agust\u00ed\"}]},{\"@type\":\"WebSite\",\"@id\":\"https:\\\/\\\/blog.formenterabreak.com\\\/#website\",\"url\":\"https:\\\/\\\/blog.formenterabreak.com\\\/\",\"name\":\"Formentera en Blog\",\"description\":\"Formentera en Blog by Formentera Break\",\"publisher\":{\"@id\":\"https:\\\/\\\/blog.formenterabreak.com\\\/#organization\"},\"alternateName\":\"Formentera en Blog\",\"potentialAction\":[{\"@type\":\"SearchAction\",\"target\":{\"@type\":\"EntryPoint\",\"urlTemplate\":\"https:\\\/\\\/blog.formenterabreak.com\\\/?s={search_term_string}\"},\"query-input\":{\"@type\":\"PropertyValueSpecification\",\"valueRequired\":true,\"valueName\":\"search_term_string\"}}],\"inLanguage\":\"it-IT\"},{\"@type\":\"Organization\",\"@id\":\"https:\\\/\\\/blog.formenterabreak.com\\\/#organization\",\"name\":\"Formentera Break\",\"url\":\"https:\\\/\\\/blog.formenterabreak.com\\\/\",\"logo\":{\"@type\":\"ImageObject\",\"inLanguage\":\"it-IT\",\"@id\":\"https:\\\/\\\/blog.formenterabreak.com\\\/#\\\/schema\\\/logo\\\/image\\\/\",\"url\":\"https:\\\/\\\/i0.wp.com\\\/blog.formenterabreak.com\\\/wp-content\\\/uploads\\\/2021\\\/04\\\/logo.png?fit=485%2C136&ssl=1\",\"contentUrl\":\"https:\\\/\\\/i0.wp.com\\\/blog.formenterabreak.com\\\/wp-content\\\/uploads\\\/2021\\\/04\\\/logo.png?fit=485%2C136&ssl=1\",\"width\":485,\"height\":136,\"caption\":\"Formentera Break\"},\"image\":{\"@id\":\"https:\\\/\\\/blog.formenterabreak.com\\\/#\\\/schema\\\/logo\\\/image\\\/\"},\"sameAs\":[\"https:\\\/\\\/www.facebook.com\\\/formenterabreak\",\"https:\\\/\\\/www.instagram.com\\\/formenterabreak\\\/\",\"https:\\\/\\\/www.tiktok.com\\\/@formentera.break\"]},{\"@type\":\"Person\",\"@id\":\"https:\\\/\\\/blog.formenterabreak.com\\\/#\\\/schema\\\/person\\\/0cb261818cd2b72826c69277bf1e354b\",\"name\":\"formenterabreak\",\"image\":{\"@type\":\"ImageObject\",\"inLanguage\":\"it-IT\",\"@id\":\"https:\\\/\\\/secure.gravatar.com\\\/avatar\\\/737007e969e60568644f2a06dc1093d08be52ca7f05dde3c22818d2d63802a38?s=96&d=identicon&r=g\",\"url\":\"https:\\\/\\\/secure.gravatar.com\\\/avatar\\\/737007e969e60568644f2a06dc1093d08be52ca7f05dde3c22818d2d63802a38?s=96&d=identicon&r=g\",\"contentUrl\":\"https:\\\/\\\/secure.gravatar.com\\\/avatar\\\/737007e969e60568644f2a06dc1093d08be52ca7f05dde3c22818d2d63802a38?s=96&d=identicon&r=g\",\"caption\":\"formenterabreak\"},\"sameAs\":[\"http:\\\/\\\/formenterabreak.wordpress.com\"],\"url\":\"https:\\\/\\\/blog.formenterabreak.com\\\/it\\\/author\\\/formenterabreak\\\/\"}]}<\/script>\n<!-- \/ Yoast SEO plugin. -->","yoast_head_json":{"title":"IV Paese di Formentera: Es Cal\u00f3 de Sant Agust\u00ed","description":"Tutto ci\u00f2 che \u00e8 piccolo \u00e8 bello. Una delle cittadine pi\u00f9 affascinanti e con una delle spiagge pi\u00f9 magiche, venite?","robots":{"index":"index","follow":"follow","max-snippet":"max-snippet:-1","max-image-preview":"max-image-preview:large","max-video-preview":"max-video-preview:-1"},"canonical":"https:\/\/blog.formenterabreak.com\/it\/formentera-it\/iv-paese-di-formentera-es-calo-de-sant-agusti\/","og_locale":"it_IT","og_type":"article","og_title":"IV Paese di Formentera: Es Cal\u00f3 de Sant Agust\u00ed","og_description":"Tutto ci\u00f2 che \u00e8 piccolo \u00e8 bello. Una delle cittadine pi\u00f9 affascinanti e con una delle spiagge pi\u00f9 magiche, venite?","og_url":"https:\/\/blog.formenterabreak.com\/it\/formentera-it\/iv-paese-di-formentera-es-calo-de-sant-agusti\/","og_site_name":"Formentera en Blog","article_publisher":"https:\/\/www.facebook.com\/formenterabreak","article_published_time":"2021-11-24T11:23:00+00:00","article_modified_time":"2022-03-11T16:15:35+00:00","og_image":[{"width":1900,"height":1267,"url":"https:\/\/blog.formenterabreak.com\/wp-content\/uploads\/2022\/01\/es-calo-shutterstcok-4.jpg","type":"image\/jpeg"}],"author":"formenterabreak","twitter_card":"summary_large_image","twitter_misc":{"Scritto da":"formenterabreak","Tempo di lettura stimato":"3 minuti"},"schema":{"@context":"https:\/\/schema.org","@graph":[{"@type":"Article","@id":"https:\/\/blog.formenterabreak.com\/it\/formentera-it\/iv-paese-di-formentera-es-calo-de-sant-agusti\/#article","isPartOf":{"@id":"https:\/\/blog.formenterabreak.com\/it\/formentera-it\/iv-paese-di-formentera-es-calo-de-sant-agusti\/"},"author":{"name":"formenterabreak","@id":"https:\/\/blog.formenterabreak.com\/#\/schema\/person\/0cb261818cd2b72826c69277bf1e354b"},"headline":"IV Paese di Formentera: Es Cal\u00f3 de Sant Agust\u00ed","datePublished":"2021-11-24T11:23:00+00:00","dateModified":"2022-03-11T16:15:35+00:00","mainEntityOfPage":{"@id":"https:\/\/blog.formenterabreak.com\/it\/formentera-it\/iv-paese-di-formentera-es-calo-de-sant-agusti\/"},"wordCount":713,"commentCount":0,"publisher":{"@id":"https:\/\/blog.formenterabreak.com\/#organization"},"image":{"@id":"https:\/\/blog.formenterabreak.com\/it\/formentera-it\/iv-paese-di-formentera-es-calo-de-sant-agusti\/#primaryimage"},"thumbnailUrl":"https:\/\/i0.wp.com\/blog.formenterabreak.com\/wp-content\/uploads\/2022\/01\/es-calo-shutterstcok-4-e1649115482733.jpg?fit=1900%2C1267&ssl=1","keywords":["Che fare a Formentera","cosa vedere a es cal\u00f3 di Sant August\u00ec","cosa vedere a Formentera","Es cal\u00f3 de Sant Agust\u00ed","Formentera Break","piani a Formenetra","spiaggia di es cal\u00f3"],"articleSection":["Formentera","Gastronomia","Piani a Formenetra"],"inLanguage":"it-IT","potentialAction":[{"@type":"CommentAction","name":"Comment","target":["https:\/\/blog.formenterabreak.com\/it\/formentera-it\/iv-paese-di-formentera-es-calo-de-sant-agusti\/#respond"]}]},{"@type":"WebPage","@id":"https:\/\/blog.formenterabreak.com\/it\/formentera-it\/iv-paese-di-formentera-es-calo-de-sant-agusti\/","url":"https:\/\/blog.formenterabreak.com\/it\/formentera-it\/iv-paese-di-formentera-es-calo-de-sant-agusti\/","name":"IV Paese di Formentera: Es Cal\u00f3 de Sant Agust\u00ed","isPartOf":{"@id":"https:\/\/blog.formenterabreak.com\/#website"},"primaryImageOfPage":{"@id":"https:\/\/blog.formenterabreak.com\/it\/formentera-it\/iv-paese-di-formentera-es-calo-de-sant-agusti\/#primaryimage"},"image":{"@id":"https:\/\/blog.formenterabreak.com\/it\/formentera-it\/iv-paese-di-formentera-es-calo-de-sant-agusti\/#primaryimage"},"thumbnailUrl":"https:\/\/i0.wp.com\/blog.formenterabreak.com\/wp-content\/uploads\/2022\/01\/es-calo-shutterstcok-4-e1649115482733.jpg?fit=1900%2C1267&ssl=1","datePublished":"2021-11-24T11:23:00+00:00","dateModified":"2022-03-11T16:15:35+00:00","description":"Tutto ci\u00f2 che \u00e8 piccolo \u00e8 bello. Una delle cittadine pi\u00f9 affascinanti e con una delle spiagge pi\u00f9 magiche, venite?","breadcrumb":{"@id":"https:\/\/blog.formenterabreak.com\/it\/formentera-it\/iv-paese-di-formentera-es-calo-de-sant-agusti\/#breadcrumb"},"inLanguage":"it-IT","potentialAction":[{"@type":"ReadAction","target":["https:\/\/blog.formenterabreak.com\/it\/formentera-it\/iv-paese-di-formentera-es-calo-de-sant-agusti\/"]}]},{"@type":"ImageObject","inLanguage":"it-IT","@id":"https:\/\/blog.formenterabreak.com\/it\/formentera-it\/iv-paese-di-formentera-es-calo-de-sant-agusti\/#primaryimage","url":"https:\/\/i0.wp.com\/blog.formenterabreak.com\/wp-content\/uploads\/2022\/01\/es-calo-shutterstcok-4-e1649115482733.jpg?fit=1900%2C1267&ssl=1","contentUrl":"https:\/\/i0.wp.com\/blog.formenterabreak.com\/wp-content\/uploads\/2022\/01\/es-calo-shutterstcok-4-e1649115482733.jpg?fit=1900%2C1267&ssl=1","width":1900,"height":1267},{"@type":"BreadcrumbList","@id":"https:\/\/blog.formenterabreak.com\/it\/formentera-it\/iv-paese-di-formentera-es-calo-de-sant-agusti\/#breadcrumb","itemListElement":[{"@type":"ListItem","position":1,"name":"Portada","item":"https:\/\/blog.formenterabreak.com\/"},{"@type":"ListItem","position":2,"name":"IV Paese di Formentera: Es Cal\u00f3 de Sant Agust\u00ed"}]},{"@type":"WebSite","@id":"https:\/\/blog.formenterabreak.com\/#website","url":"https:\/\/blog.formenterabreak.com\/","name":"Formentera en Blog","description":"Formentera en Blog by Formentera Break","publisher":{"@id":"https:\/\/blog.formenterabreak.com\/#organization"},"alternateName":"Formentera en Blog","potentialAction":[{"@type":"SearchAction","target":{"@type":"EntryPoint","urlTemplate":"https:\/\/blog.formenterabreak.com\/?s={search_term_string}"},"query-input":{"@type":"PropertyValueSpecification","valueRequired":true,"valueName":"search_term_string"}}],"inLanguage":"it-IT"},{"@type":"Organization","@id":"https:\/\/blog.formenterabreak.com\/#organization","name":"Formentera Break","url":"https:\/\/blog.formenterabreak.com\/","logo":{"@type":"ImageObject","inLanguage":"it-IT","@id":"https:\/\/blog.formenterabreak.com\/#\/schema\/logo\/image\/","url":"https:\/\/i0.wp.com\/blog.formenterabreak.com\/wp-content\/uploads\/2021\/04\/logo.png?fit=485%2C136&ssl=1","contentUrl":"https:\/\/i0.wp.com\/blog.formenterabreak.com\/wp-content\/uploads\/2021\/04\/logo.png?fit=485%2C136&ssl=1","width":485,"height":136,"caption":"Formentera Break"},"image":{"@id":"https:\/\/blog.formenterabreak.com\/#\/schema\/logo\/image\/"},"sameAs":["https:\/\/www.facebook.com\/formenterabreak","https:\/\/www.instagram.com\/formenterabreak\/","https:\/\/www.tiktok.com\/@formentera.break"]},{"@type":"Person","@id":"https:\/\/blog.formenterabreak.com\/#\/schema\/person\/0cb261818cd2b72826c69277bf1e354b","name":"formenterabreak","image":{"@type":"ImageObject","inLanguage":"it-IT","@id":"https:\/\/secure.gravatar.com\/avatar\/737007e969e60568644f2a06dc1093d08be52ca7f05dde3c22818d2d63802a38?s=96&d=identicon&r=g","url":"https:\/\/secure.gravatar.com\/avatar\/737007e969e60568644f2a06dc1093d08be52ca7f05dde3c22818d2d63802a38?s=96&d=identicon&r=g","contentUrl":"https:\/\/secure.gravatar.com\/avatar\/737007e969e60568644f2a06dc1093d08be52ca7f05dde3c22818d2d63802a38?s=96&d=identicon&r=g","caption":"formenterabreak"},"sameAs":["http:\/\/formenterabreak.wordpress.com"],"url":"https:\/\/blog.formenterabreak.com\/it\/author\/formenterabreak\/"}]}},"jetpack_publicize_connections":[],"jetpack_likes_enabled":true,"jetpack_sharing_enabled":true,"jetpack_shortlink":"https:\/\/wp.me\/pd1o8i-uc","jetpack_featured_media_url":"https:\/\/i0.wp.com\/blog.formenterabreak.com\/wp-content\/uploads\/2022\/01\/es-calo-shutterstcok-4-e1649115482733.jpg?fit=1900%2C1267&ssl=1","_links":{"self":[{"href":"https:\/\/blog.formenterabreak.com\/it\/wp-json\/wp\/v2\/posts\/1872","targetHints":{"allow":["GET"]}}],"collection":[{"href":"https:\/\/blog.formenterabreak.com\/it\/wp-json\/wp\/v2\/posts"}],"about":[{"href":"https:\/\/blog.formenterabreak.com\/it\/wp-json\/wp\/v2\/types\/post"}],"author":[{"embeddable":true,"href":"https:\/\/blog.formenterabreak.com\/it\/wp-json\/wp\/v2\/users\/205492823"}],"replies":[{"embeddable":true,"href":"https:\/\/blog.formenterabreak.com\/it\/wp-json\/wp\/v2\/comments?post=1872"}],"version-history":[{"count":3,"href":"https:\/\/blog.formenterabreak.com\/it\/wp-json\/wp\/v2\/posts\/1872\/revisions"}],"predecessor-version":[{"id":1923,"href":"https:\/\/blog.formenterabreak.com\/it\/wp-json\/wp\/v2\/posts\/1872\/revisions\/1923"}],"wp:featuredmedia":[{"embeddable":true,"href":"https:\/\/blog.formenterabreak.com\/it\/wp-json\/wp\/v2\/media\/1411"}],"wp:attachment":[{"href":"https:\/\/blog.formenterabreak.com\/it\/wp-json\/wp\/v2\/media?parent=1872"}],"wp:term":[{"taxonomy":"category","embeddable":true,"href":"https:\/\/blog.formenterabreak.com\/it\/wp-json\/wp\/v2\/categories?post=1872"},{"taxonomy":"post_tag","embeddable":true,"href":"https:\/\/blog.formenterabreak.com\/it\/wp-json\/wp\/v2\/tags?post=1872"}],"curies":[{"name":"wp","href":"https:\/\/api.w.org\/{rel}","templated":true}]}}