{"id":2153,"date":"2021-07-30T10:29:09","date_gmt":"2021-07-30T08:29:09","guid":{"rendered":"https:\/\/blog.formenterabreak.com\/non-categorizzato\/origenes-de-la-moda-ibicenca\/"},"modified":"2022-03-31T14:07:20","modified_gmt":"2022-03-31T12:07:20","slug":"origenes-de-la-moda-ibicenca","status":"publish","type":"post","link":"https:\/\/blog.formenterabreak.com\/it\/formentera-it\/origenes-de-la-moda-ibicenca\/","title":{"rendered":"Le origini della moda di ibizenca"},"content":{"rendered":"\n<h1 class=\"wp-block-heading\" id=\"viajamos-a-los-origenes-de-la-moda-adlib-50-anos-del-tradicional-estilo-ibicenco\">Viaggiamo alle origini della moda Adlib, 50 anni del tradizionale stile ibizenco<\/h1>\n\n<p class=\"wp-block-paragraph\">Sicuramente vi sar\u00e1 capitato di essere stati invitati a una festa il cui <strong>codice di abbigliamento era l&#8217;abbigliamento ibizenco<\/strong> e, all&#8217;istante, avete avuto un&#8217;idea molto chiara di quale stile scegliere. <strong>Capi bianchi e fluidi, camicie e pantaloni in lino o abiti romantici dal taglio leggero ed estivo.<\/strong>Ancora oggi \u00e8 sopravvissuto quell&#8217;immaginario caratteristico di uno stile che, forse senza sapere bene il perch\u00e9, associamo allo spirito dell&#8217;isola mediterranea. <strong>Eppure le sue origini risalgono a 50 anni fa, con una storia segnata da tradizione, originalit\u00e0 e libert\u00e0.<\/strong><\/p>\n\n<p class=\"wp-block-paragraph\">Conosciuta con il soprannome di <strong>Moda Adlib,<\/strong> che viene dalla espressione latina, <strong>Ad Libitum, letteralmente &#8216;con libert\u00e0&#8217;<\/strong>, nome perfetto per descrivere il carattere degli abitanti delle Isole Baleari- in particolare Ibiza, dove \u00e8 nata-, con un atteggiamento spensierato, spirito libero e con forti radici del luogo. E, come tutte le belle storie, per conoscere il suo presente e il suo futuro, bisogna tornare al suo passato. Avete voglia di accompagnarci in questo viaggio nel tempo<strong> alle origini della moda di Ibiza<\/strong>? A <a href=\"https:\/\/www.formenterabreak.es\/\" target=\"_blank\" rel=\"noopener\"><strong>Formentera Break<\/strong><\/a> vi raccontiamo tutto!<\/p>\n\n<div class=\"wp-block-image\"><figure class=\"aligncenter size-large\"><img data-recalc-dims=\"1\" loading=\"lazy\" decoding=\"async\" width=\"683\" height=\"1024\" src=\"https:\/\/i0.wp.com\/blog.formenterabreak.com\/wp-content\/uploads\/2021\/08\/020-adlib-historia-80s.jpg?resize=683%2C1024&#038;ssl=1\" alt=\"\" class=\"wp-image-794\" srcset=\"https:\/\/i0.wp.com\/blog.formenterabreak.com\/wp-content\/uploads\/2021\/08\/020-adlib-historia-80s.jpg?resize=683%2C1024&amp;ssl=1 683w, https:\/\/i0.wp.com\/blog.formenterabreak.com\/wp-content\/uploads\/2021\/08\/020-adlib-historia-80s.jpg?resize=200%2C300&amp;ssl=1 200w, https:\/\/i0.wp.com\/blog.formenterabreak.com\/wp-content\/uploads\/2021\/08\/020-adlib-historia-80s.jpg?w=720&amp;ssl=1 720w\" sizes=\"auto, (max-width: 683px) 100vw, 683px\" \/><figcaption>Adlib, Luis Ferrer, Anni  80, cretona. Fonte:AdlibIbiza<\/figcaption><\/figure><\/div>\n\n<h2 class=\"wp-block-heading\" id=\"como-surge-esta-tendencia-en-baleares\">Come \u00e8 nata questa tendenza nelle Isole Baleari?<\/h2>\n\n<p class=\"s8 wp-block-paragraph\">Corre l&#8217;anno 1971 e uno degli eventi nel mondo della moda che passer\u00e0 alla storia e che segner\u00e0 un&#8217;intera generazione sbarca sull&#8217;isola di Ibiza: <strong>si celebra la Ibiza Fashion Week<\/strong> e da essa nasce il movimento hippie, che inonda tutto l\u2019ambiente della moda. Nonostante la novit\u00e0 stilistica, l&#8217;essenza di questa corrente di &#8216;pace e amore&#8217; risiedeva gi\u00e0 nell&#8217;isola e nel suo carattere spiccatamente romantico e spensierato, cosa che non \u00e8 passata inosservata ai nuovi arrivati all&#8217;evento, che ne hanno voluto valorizzare la delicatezza dei materiali del classico abbigliamento isolano, ma conservandone lo spirito artigianale.<\/p>\n\n<p class=\"s8 wp-block-paragraph\">Le Isole Baleari, e in particolare Ibiza, sono sempre state un punto di incontro per il multiculturalismo; meta prediletta di artisti, grandi personaggi e sognatori.Persone provenienti da tutto il mondo che si sono innamorate del suo fascino e che non hanno fatto altro che ispirarsi e reinventare il gi\u00e0 <strong>tradizionale abbigliamento ibizenco di cappelli di paglia, scarpe Di zeppa e scialli bianchi intrecciati a mano dai suoi abitanti,<\/strong> dando origine alla nascita della Moda Adlib.<\/p>\n\n<div class=\"wp-block-image\"><figure class=\"aligncenter size-full\"><img data-recalc-dims=\"1\" loading=\"lazy\" decoding=\"async\" width=\"574\" height=\"360\" src=\"https:\/\/i0.wp.com\/blog.formenterabreak.com\/wp-content\/uploads\/2021\/08\/025-adlib-historia-siglo-xx.jpg-nggid041770-ngg0dyn-0x360-00f0w010c010r110f110r010t010.jpg?resize=574%2C360&#038;ssl=1\" alt=\"\" class=\"wp-image-797\" srcset=\"https:\/\/i0.wp.com\/blog.formenterabreak.com\/wp-content\/uploads\/2021\/08\/025-adlib-historia-siglo-xx.jpg-nggid041770-ngg0dyn-0x360-00f0w010c010r110f110r010t010.jpg?w=574&amp;ssl=1 574w, https:\/\/i0.wp.com\/blog.formenterabreak.com\/wp-content\/uploads\/2021\/08\/025-adlib-historia-siglo-xx.jpg-nggid041770-ngg0dyn-0x360-00f0w010c010r110f110r010t010.jpg?resize=300%2C188&amp;ssl=1 300w\" sizes=\"auto, (max-width: 574px) 100vw, 574px\" \/><figcaption> Smilja Mihailovitch, la \u2018principessa\u2019 della moda Adlib. Fuente: AdlibIbiza<\/figcaption><\/figure><\/div>\n\n<p class=\"s8 wp-block-paragraph\">Ma se qualcuno dovesse distinguersi come pioniere e precursore di questa nuova ondata di moda, quella era <strong>Smilja Mihailovitch, artefice di questa prima settimana della moda di Ibiza e &#8220;principessa&#8221; della moda Adlib.<\/strong><\/p>\n\n<h2 class=\"wp-block-heading\" id=\"la-moda-artesanal-ibicenca-se-extiende-por-el-mundo\">La moda artigianale di Ibiza si diffonde in tutto il mondo<\/h2>\n\n<p class=\"s8 wp-block-paragraph\">Mihailovitch, originaria della Jugoslavia e donna di grande gusto e carisma travolgente, ha vissuto nell&#8217;isola delle Baleari dalla fine degli anni &#8217;60, a stretto contatto con le alte sfere che frequentavano Ibiza. Da buona amante della vita e dello stile di Ibiza, voleva quindi incarnare quell&#8217;atmosfera e rivendicare il lavoro degli artigiani con abiti e costumi da bagno che parlano di libert\u00e0 sotto il motto <strong>&#8220;vestiti come ti piace ma fallo con piacere&#8221;.<\/strong>&#13;\n&#13;\n\u00a0<\/p>\n\n<p class=\"s8 wp-block-paragraph\">la Fashion Week \u00e8 stata un completo successo che ha catapultato questa tendenza alla celebrit\u00e0 per mano degli stilisti locali. Anno dopo anno, la passerella si istituzionalizza diventanto un punto di riferimento internazionale a cui hanno voluto partecipare personalit\u00e0 di tutto il mondo.&#13;\nNomi come<strong> Jes\u00fas V\u00e1zquez, M\u00f3nica Randall, Paris Hilton o Ana Obreg\u00f3n hanno calcato il palco negli ultimi anni con questi capi caratteristici.<\/strong> Per non parlare di chi ha riempito gli spalti delle passerelle: Sara Montiel, Raphael, Pl\u00e1cido Domingo o Gina Lollobrigida non hanno voluto mancare a questo imperdibile appuntamento dell&#8217;isola di Ibiza<\/p>\n\n<h2 class=\"wp-block-heading\" id=\"mimo-artesano-confeccion-local\">abbigliamento locale<\/h2>\n\n<p class=\"s8 wp-block-paragraph\">Quasi senza rendersene conto, la moda di Ibiza si stava espandendo e si posizionava come un marchio di tendenza. \u00c8 stata una rottura senza precedenti con lo stile preponderante dell&#8217;era del design tradizionale e sobrio di fronte a nuove arie libere e originali.&#13;\nInoltre, fu anche una rivoluzione\u201d nel campo lavorativo grazie alla creazione di una moltitudine di posti di lavoro tra le donne dell&#8217;isola, che videro realizzati i loro desideri di indipendenza economica.&#13;\n<\/p>\n\n<p class=\"s8 wp-block-paragraph\">CCon la morte di Smilja nel 1994, il Consiglio Insulare Di Ibiza eredita la testimonianza della passerella, sempre con la condizione di mantenere la sua caratteristica aria rinnovatrice, che ogni anno inondava le strade dell&#8217;isola e del mondo intero, attraverso la mano di un potente <strong>cast di designer locali di Ibiza<\/strong> , <strong>come <a href=\"https:\/\/elisapomar.com\/collections\/collares?gclid=CjwKCAjwqvyFBhB7EiwAER786WXdN71_XaXL7InhFwQmi4N8Is3Md84n4wa6YneFMdKynCHiQYE_EhoCyzsQAvD_BwE&quot;&gt;Elisa Pomar\" target=\"_blank\" rel=\"noopener\">Elisa Pomar<\/a>, specializzata in gioielli; <a href=\"https:\/\/tonybonetadlib.com\/&quot;&gt;Tony Bonet&lt;\" target=\"_blank\" rel=\"noopener\">Tony Bonet<\/a> e la sua originale e personale proposta di moda Adlib.<\/strong><\/p>\n\n<h2 class=\"wp-block-heading\" id=\"pasarela-adlib-2021-conmemorando-medio-siglo\">Passerella Adlib 2021. Commemorazione di mezzo secolo<\/h2>\n\n<p class=\"s8 wp-block-paragraph\">Gli ultimi 50 anni a Ibiza sono stati segnati dall&#8217;impronta che lo spirito dell&#8217;isola ha lasciato nel mondo della moda. Un&#8217;influenza che \u00e8 stata vissuta e celebrata anche dalla sua sorellina, Formentera, che \u00e8 andata di pari passo per tutto questo tempo nello sviluppo di questa tendenza di stile e negli ultimi anni ha ospitato anche la sua settimana della moda.&#13;\n<\/p>\n\n<div class=\"wp-block-image\"><figure class=\"aligncenter size-large\"><img data-recalc-dims=\"1\" loading=\"lazy\" decoding=\"async\" width=\"1024\" height=\"667\" src=\"https:\/\/i0.wp.com\/blog.formenterabreak.com\/wp-content\/uploads\/2021\/08\/025-adlib-historia-siglo-xxi.jpg?resize=1024%2C667&#038;ssl=1\" alt=\"\" class=\"wp-image-800\" srcset=\"https:\/\/i0.wp.com\/blog.formenterabreak.com\/wp-content\/uploads\/2021\/08\/025-adlib-historia-siglo-xxi.jpg?resize=1024%2C667&amp;ssl=1 1024w, https:\/\/i0.wp.com\/blog.formenterabreak.com\/wp-content\/uploads\/2021\/08\/025-adlib-historia-siglo-xxi.jpg?resize=300%2C195&amp;ssl=1 300w, https:\/\/i0.wp.com\/blog.formenterabreak.com\/wp-content\/uploads\/2021\/08\/025-adlib-historia-siglo-xxi.jpg?resize=768%2C500&amp;ssl=1 768w, https:\/\/i0.wp.com\/blog.formenterabreak.com\/wp-content\/uploads\/2021\/08\/025-adlib-historia-siglo-xxi.jpg?resize=1536%2C1001&amp;ssl=1 1536w, https:\/\/i0.wp.com\/blog.formenterabreak.com\/wp-content\/uploads\/2021\/08\/025-adlib-historia-siglo-xxi.jpg?resize=1200%2C782&amp;ssl=1 1200w, https:\/\/i0.wp.com\/blog.formenterabreak.com\/wp-content\/uploads\/2021\/08\/025-adlib-historia-siglo-xxi.jpg?w=1658&amp;ssl=1 1658w\" sizes=\"auto, (max-width: 1024px) 100vw, 1024px\" \/><figcaption>Molti sono i volti noti che hanno sfilato nella settimana della moda di Ibiza. Fonte: Adlib Ibiza&#13;\n&#13;\n<\/figcaption><\/figure><\/div>\n\n<p class=\"s8 wp-block-paragraph\">L&#8217;anno scorso la passerella ha dovuto essere trasferita nell&#8217;ambiente virtuale a causa della situazione eccezionale che stiamo vivendo. Per fortuna e grazie a tutti i media messi in campo dagli organizzatori, anche quest&#8217;anno ha messo piede su solide basi per celebrare quel mezzo secolo di storia che la moda Adlib compie.Con riduzioni di capacit\u00e0 e il dovuto rispetto delle misure di sicurezza necessarie, si \u00e8 svolto il 12 giugno, nella Baluarte de Santa Luc\u00eda, Ibiza e con la modella Nieves \u00c1lvarez come hostess, che si \u00e8 occupata di dare il via alle fantastiche collezioni del 16 designer partecipanti, tutti realizzati localmente.&#13;\n<\/p>\n\n<p class=\"s8 wp-block-paragraph\"><strong>Noi, ovviamente, non perderemo la prossima edizione, e voi?<\/strong><\/p>\n\n<p class=\"wp-block-paragraph\"><\/p>\n","protected":false},"excerpt":{"rendered":"<p>Viaggiamo alle origini della moda Adlib, 50 anni del tradizionale stile ibizenco Sicuramente vi sar\u00e1 capitato di essere stati invitati a una festa il cui codice di abbigliamento era l&#8217;abbigliamento ibizenco e, all&#8217;istante, avete avuto un&#8217;idea molto chiara di quale stile scegliere. Capi bianchi e fluidi, camicie e pantaloni in lino o abiti romantici dal [&hellip;]<\/p>\n","protected":false},"author":205492823,"featured_media":0,"comment_status":"open","ping_status":"open","sticky":false,"template":"","format":"standard","meta":{"_coblocks_attr":"","_coblocks_dimensions":"","_coblocks_responsive_height":"","_coblocks_accordion_ie_support":"","ocean_front_end_style_editor":"no","ocean_post_layout":"","ocean_both_sidebars_style":"","ocean_both_sidebars_content_width":0,"ocean_both_sidebars_sidebars_width":0,"ocean_sidebar":"0","ocean_second_sidebar":"0","ocean_disable_margins":"enable","ocean_add_body_class":"","ocean_shortcode_before_top_bar":"","ocean_shortcode_after_top_bar":"","ocean_shortcode_before_header":"","ocean_shortcode_after_header":"","ocean_has_shortcode":"","ocean_shortcode_after_title":"","ocean_shortcode_before_footer_widgets":"","ocean_shortcode_after_footer_widgets":"","ocean_shortcode_before_footer_bottom":"","ocean_shortcode_after_footer_bottom":"","ocean_display_top_bar":"default","ocean_display_header":"default","ocean_header_style":"","ocean_center_header_left_menu":"0","ocean_custom_header_template":"0","ocean_custom_logo":0,"ocean_custom_retina_logo":0,"ocean_custom_logo_max_width":0,"ocean_custom_logo_tablet_max_width":0,"ocean_custom_logo_mobile_max_width":0,"ocean_custom_logo_max_height":0,"ocean_custom_logo_tablet_max_height":0,"ocean_custom_logo_mobile_max_height":0,"ocean_header_custom_menu":"0","ocean_menu_typo_font_family":"0","ocean_menu_typo_font_subset":"","ocean_menu_typo_font_size":0,"ocean_menu_typo_font_size_tablet":0,"ocean_menu_typo_font_size_mobile":0,"ocean_menu_typo_font_size_unit":"px","ocean_menu_typo_font_weight":"","ocean_menu_typo_font_weight_tablet":"","ocean_menu_typo_font_weight_mobile":"","ocean_menu_typo_transform":"","ocean_menu_typo_transform_tablet":"","ocean_menu_typo_transform_mobile":"","ocean_menu_typo_line_height":0,"ocean_menu_typo_line_height_tablet":0,"ocean_menu_typo_line_height_mobile":0,"ocean_menu_typo_line_height_unit":"","ocean_menu_typo_spacing":0,"ocean_menu_typo_spacing_tablet":0,"ocean_menu_typo_spacing_mobile":0,"ocean_menu_typo_spacing_unit":"","ocean_menu_link_color":"","ocean_menu_link_color_hover":"","ocean_menu_link_color_active":"","ocean_menu_link_background":"","ocean_menu_link_hover_background":"","ocean_menu_link_active_background":"","ocean_menu_social_links_bg":"","ocean_menu_social_hover_links_bg":"","ocean_menu_social_links_color":"","ocean_menu_social_hover_links_color":"","ocean_disable_title":"default","ocean_disable_heading":"default","ocean_post_title":"","ocean_post_subheading":"","ocean_post_title_style":"","ocean_post_title_background_color":"","ocean_post_title_background":0,"ocean_post_title_bg_image_position":"","ocean_post_title_bg_image_attachment":"","ocean_post_title_bg_image_repeat":"","ocean_post_title_bg_image_size":"","ocean_post_title_height":0,"ocean_post_title_bg_overlay":0.5,"ocean_post_title_bg_overlay_color":"","ocean_disable_breadcrumbs":"default","ocean_breadcrumbs_color":"","ocean_breadcrumbs_separator_color":"","ocean_breadcrumbs_links_color":"","ocean_breadcrumbs_links_hover_color":"","ocean_display_footer_widgets":"default","ocean_display_footer_bottom":"default","ocean_custom_footer_template":"0","_jetpack_newsletter_access":"","_jetpack_dont_email_post_to_subs":false,"_jetpack_newsletter_tier_id":0,"_jetpack_memberships_contains_paywalled_content":false,"_wpcom_ai_launchpad_first_post":false,"_jetpack_feature_clip_id":0,"_jetpack_memberships_contains_paid_content":false,"ocean_post_oembed":"","ocean_post_self_hosted_media":"","ocean_post_video_embed":"","ocean_link_format":"","ocean_link_format_target":"self","ocean_quote_format":"","ocean_quote_format_link":"post","ocean_gallery_link_images":"on","ocean_gallery_id":[],"footnotes":"","jetpack_publicize_message":"{title}\n\n{excerpt}\n\n{url}","jetpack_publicize_feature_enabled":true,"jetpack_social_post_already_shared":true,"jetpack_social_options":{"image_generator_settings":{"template":"highway","default_image_id":0,"font":"","enabled":false},"version":2},"_wpas_customize_per_network":false,"jetpack_post_was_ever_published":false},"categories":[122124],"tags":[122302,122298,122301,122299,122300],"class_list":["post-2153","post","type-post","status-publish","format-standard","hentry","category-formentera-it","tag-disenadores-de-moda-ibicenca-it","tag-moda-adlib-it","tag-moda-artesanal-ibicenca-it","tag-origen-de-moda-ibicenca-it","tag-origen-del-estilo-ibicenco-it","entry"],"yoast_head":"<!-- This site is optimized with the Yoast SEO plugin v28.4 - https:\/\/yoast.com\/product\/yoast-seo-wordpress\/ -->\n<title>Scopri le origini della moda ibizenca | Formentera Break<\/title>\n<meta name=\"description\" content=\"Conosciamo tutti la moda di Ibiza, ma da dove viene? Approfondiamo gli inizi di questo stile caratteristico delle Isole Baleari.\" \/>\n<meta name=\"robots\" content=\"index, follow, max-snippet:-1, max-image-preview:large, max-video-preview:-1\" \/>\n<link rel=\"canonical\" href=\"https:\/\/blog.formenterabreak.com\/it\/formentera-it\/origenes-de-la-moda-ibicenca\/\" \/>\n<meta property=\"og:locale\" content=\"it_IT\" \/>\n<meta property=\"og:type\" content=\"article\" \/>\n<meta property=\"og:title\" content=\"Scopri le origini della moda ibizenca | Formentera Break\" \/>\n<meta property=\"og:description\" content=\"Conosciamo tutti la moda di Ibiza, ma da dove viene? Approfondiamo gli inizi di questo stile caratteristico delle Isole Baleari.\" \/>\n<meta property=\"og:url\" content=\"https:\/\/blog.formenterabreak.com\/it\/formentera-it\/origenes-de-la-moda-ibicenca\/\" \/>\n<meta property=\"og:site_name\" content=\"Formentera en Blog\" \/>\n<meta property=\"article:publisher\" content=\"https:\/\/www.facebook.com\/formenterabreak\" \/>\n<meta property=\"article:published_time\" content=\"2021-07-30T08:29:09+00:00\" \/>\n<meta property=\"article:modified_time\" content=\"2022-03-31T12:07:20+00:00\" \/>\n<meta property=\"og:image\" content=\"https:\/\/blog.formenterabreak.com\/wp-content\/uploads\/2021\/08\/020-adlib-historia-80s-683x1024.jpg\" \/>\n<meta name=\"author\" content=\"formenterabreak\" \/>\n<meta name=\"twitter:card\" content=\"summary_large_image\" \/>\n<meta name=\"twitter:label1\" content=\"Scritto da\" \/>\n\t<meta name=\"twitter:data1\" content=\"formenterabreak\" \/>\n\t<meta name=\"twitter:label2\" content=\"Tempo di lettura stimato\" \/>\n\t<meta name=\"twitter:data2\" content=\"5 minuti\" \/>\n<script type=\"application\/ld+json\" class=\"yoast-schema-graph\">{\"@context\":\"https:\\\/\\\/schema.org\",\"@graph\":[{\"@type\":\"Article\",\"@id\":\"https:\\\/\\\/blog.formenterabreak.com\\\/it\\\/formentera-it\\\/origenes-de-la-moda-ibicenca\\\/#article\",\"isPartOf\":{\"@id\":\"https:\\\/\\\/blog.formenterabreak.com\\\/it\\\/formentera-it\\\/origenes-de-la-moda-ibicenca\\\/\"},\"author\":{\"name\":\"formenterabreak\",\"@id\":\"https:\\\/\\\/blog.formenterabreak.com\\\/#\\\/schema\\\/person\\\/0cb261818cd2b72826c69277bf1e354b\"},\"headline\":\"Le origini della moda di ibizenca\",\"datePublished\":\"2021-07-30T08:29:09+00:00\",\"dateModified\":\"2022-03-31T12:07:20+00:00\",\"mainEntityOfPage\":{\"@id\":\"https:\\\/\\\/blog.formenterabreak.com\\\/it\\\/formentera-it\\\/origenes-de-la-moda-ibicenca\\\/\"},\"wordCount\":949,\"commentCount\":0,\"publisher\":{\"@id\":\"https:\\\/\\\/blog.formenterabreak.com\\\/#organization\"},\"image\":{\"@id\":\"https:\\\/\\\/blog.formenterabreak.com\\\/it\\\/formentera-it\\\/origenes-de-la-moda-ibicenca\\\/#primaryimage\"},\"thumbnailUrl\":\"https:\\\/\\\/blog.formenterabreak.com\\\/wp-content\\\/uploads\\\/2021\\\/08\\\/020-adlib-historia-80s-683x1024.jpg\",\"keywords\":[\"dise\u00f1adores de moda ibicenca\",\"moda adlib\",\"moda artesanal ibicenca\",\"origen de moda ibicenca\",\"Origen del estilo ibicenco\"],\"articleSection\":[\"Formentera\"],\"inLanguage\":\"it-IT\",\"potentialAction\":[{\"@type\":\"CommentAction\",\"name\":\"Comment\",\"target\":[\"https:\\\/\\\/blog.formenterabreak.com\\\/it\\\/formentera-it\\\/origenes-de-la-moda-ibicenca\\\/#respond\"]}]},{\"@type\":\"WebPage\",\"@id\":\"https:\\\/\\\/blog.formenterabreak.com\\\/it\\\/formentera-it\\\/origenes-de-la-moda-ibicenca\\\/\",\"url\":\"https:\\\/\\\/blog.formenterabreak.com\\\/it\\\/formentera-it\\\/origenes-de-la-moda-ibicenca\\\/\",\"name\":\"Scopri le origini della moda ibizenca | Formentera Break\",\"isPartOf\":{\"@id\":\"https:\\\/\\\/blog.formenterabreak.com\\\/#website\"},\"primaryImageOfPage\":{\"@id\":\"https:\\\/\\\/blog.formenterabreak.com\\\/it\\\/formentera-it\\\/origenes-de-la-moda-ibicenca\\\/#primaryimage\"},\"image\":{\"@id\":\"https:\\\/\\\/blog.formenterabreak.com\\\/it\\\/formentera-it\\\/origenes-de-la-moda-ibicenca\\\/#primaryimage\"},\"thumbnailUrl\":\"https:\\\/\\\/blog.formenterabreak.com\\\/wp-content\\\/uploads\\\/2021\\\/08\\\/020-adlib-historia-80s-683x1024.jpg\",\"datePublished\":\"2021-07-30T08:29:09+00:00\",\"dateModified\":\"2022-03-31T12:07:20+00:00\",\"description\":\"Conosciamo tutti la moda di Ibiza, ma da dove viene? Approfondiamo gli inizi di questo stile caratteristico delle Isole Baleari.\",\"breadcrumb\":{\"@id\":\"https:\\\/\\\/blog.formenterabreak.com\\\/it\\\/formentera-it\\\/origenes-de-la-moda-ibicenca\\\/#breadcrumb\"},\"inLanguage\":\"it-IT\",\"potentialAction\":[{\"@type\":\"ReadAction\",\"target\":[\"https:\\\/\\\/blog.formenterabreak.com\\\/it\\\/formentera-it\\\/origenes-de-la-moda-ibicenca\\\/\"]}]},{\"@type\":\"ImageObject\",\"inLanguage\":\"it-IT\",\"@id\":\"https:\\\/\\\/blog.formenterabreak.com\\\/it\\\/formentera-it\\\/origenes-de-la-moda-ibicenca\\\/#primaryimage\",\"url\":\"https:\\\/\\\/blog.formenterabreak.com\\\/wp-content\\\/uploads\\\/2021\\\/08\\\/020-adlib-historia-80s-683x1024.jpg\",\"contentUrl\":\"https:\\\/\\\/blog.formenterabreak.com\\\/wp-content\\\/uploads\\\/2021\\\/08\\\/020-adlib-historia-80s-683x1024.jpg\"},{\"@type\":\"BreadcrumbList\",\"@id\":\"https:\\\/\\\/blog.formenterabreak.com\\\/it\\\/formentera-it\\\/origenes-de-la-moda-ibicenca\\\/#breadcrumb\",\"itemListElement\":[{\"@type\":\"ListItem\",\"position\":1,\"name\":\"Portada\",\"item\":\"https:\\\/\\\/blog.formenterabreak.com\\\/\"},{\"@type\":\"ListItem\",\"position\":2,\"name\":\"Le origini della moda di ibizenca\"}]},{\"@type\":\"WebSite\",\"@id\":\"https:\\\/\\\/blog.formenterabreak.com\\\/#website\",\"url\":\"https:\\\/\\\/blog.formenterabreak.com\\\/\",\"name\":\"Formentera en Blog\",\"description\":\"Formentera en Blog by Formentera Break\",\"publisher\":{\"@id\":\"https:\\\/\\\/blog.formenterabreak.com\\\/#organization\"},\"alternateName\":\"Formentera en Blog\",\"potentialAction\":[{\"@type\":\"SearchAction\",\"target\":{\"@type\":\"EntryPoint\",\"urlTemplate\":\"https:\\\/\\\/blog.formenterabreak.com\\\/?s={search_term_string}\"},\"query-input\":{\"@type\":\"PropertyValueSpecification\",\"valueRequired\":true,\"valueName\":\"search_term_string\"}}],\"inLanguage\":\"it-IT\"},{\"@type\":\"Organization\",\"@id\":\"https:\\\/\\\/blog.formenterabreak.com\\\/#organization\",\"name\":\"Formentera Break\",\"url\":\"https:\\\/\\\/blog.formenterabreak.com\\\/\",\"logo\":{\"@type\":\"ImageObject\",\"inLanguage\":\"it-IT\",\"@id\":\"https:\\\/\\\/blog.formenterabreak.com\\\/#\\\/schema\\\/logo\\\/image\\\/\",\"url\":\"https:\\\/\\\/i0.wp.com\\\/blog.formenterabreak.com\\\/wp-content\\\/uploads\\\/2021\\\/04\\\/logo.png?fit=485%2C136&ssl=1\",\"contentUrl\":\"https:\\\/\\\/i0.wp.com\\\/blog.formenterabreak.com\\\/wp-content\\\/uploads\\\/2021\\\/04\\\/logo.png?fit=485%2C136&ssl=1\",\"width\":485,\"height\":136,\"caption\":\"Formentera Break\"},\"image\":{\"@id\":\"https:\\\/\\\/blog.formenterabreak.com\\\/#\\\/schema\\\/logo\\\/image\\\/\"},\"sameAs\":[\"https:\\\/\\\/www.facebook.com\\\/formenterabreak\",\"https:\\\/\\\/www.instagram.com\\\/formenterabreak\\\/\",\"https:\\\/\\\/www.tiktok.com\\\/@formentera.break\"]},{\"@type\":\"Person\",\"@id\":\"https:\\\/\\\/blog.formenterabreak.com\\\/#\\\/schema\\\/person\\\/0cb261818cd2b72826c69277bf1e354b\",\"name\":\"formenterabreak\",\"image\":{\"@type\":\"ImageObject\",\"inLanguage\":\"it-IT\",\"@id\":\"https:\\\/\\\/secure.gravatar.com\\\/avatar\\\/737007e969e60568644f2a06dc1093d08be52ca7f05dde3c22818d2d63802a38?s=96&d=identicon&r=g\",\"url\":\"https:\\\/\\\/secure.gravatar.com\\\/avatar\\\/737007e969e60568644f2a06dc1093d08be52ca7f05dde3c22818d2d63802a38?s=96&d=identicon&r=g\",\"contentUrl\":\"https:\\\/\\\/secure.gravatar.com\\\/avatar\\\/737007e969e60568644f2a06dc1093d08be52ca7f05dde3c22818d2d63802a38?s=96&d=identicon&r=g\",\"caption\":\"formenterabreak\"},\"sameAs\":[\"http:\\\/\\\/formenterabreak.wordpress.com\"],\"url\":\"https:\\\/\\\/blog.formenterabreak.com\\\/it\\\/author\\\/formenterabreak\\\/\"}]}<\/script>\n<!-- \/ Yoast SEO plugin. -->","yoast_head_json":{"title":"Scopri le origini della moda ibizenca | Formentera Break","description":"Conosciamo tutti la moda di Ibiza, ma da dove viene? Approfondiamo gli inizi di questo stile caratteristico delle Isole Baleari.","robots":{"index":"index","follow":"follow","max-snippet":"max-snippet:-1","max-image-preview":"max-image-preview:large","max-video-preview":"max-video-preview:-1"},"canonical":"https:\/\/blog.formenterabreak.com\/it\/formentera-it\/origenes-de-la-moda-ibicenca\/","og_locale":"it_IT","og_type":"article","og_title":"Scopri le origini della moda ibizenca | Formentera Break","og_description":"Conosciamo tutti la moda di Ibiza, ma da dove viene? Approfondiamo gli inizi di questo stile caratteristico delle Isole Baleari.","og_url":"https:\/\/blog.formenterabreak.com\/it\/formentera-it\/origenes-de-la-moda-ibicenca\/","og_site_name":"Formentera en Blog","article_publisher":"https:\/\/www.facebook.com\/formenterabreak","article_published_time":"2021-07-30T08:29:09+00:00","article_modified_time":"2022-03-31T12:07:20+00:00","og_image":[{"url":"https:\/\/blog.formenterabreak.com\/wp-content\/uploads\/2021\/08\/020-adlib-historia-80s-683x1024.jpg","type":"","width":"","height":""}],"author":"formenterabreak","twitter_card":"summary_large_image","twitter_misc":{"Scritto da":"formenterabreak","Tempo di lettura stimato":"5 minuti"},"schema":{"@context":"https:\/\/schema.org","@graph":[{"@type":"Article","@id":"https:\/\/blog.formenterabreak.com\/it\/formentera-it\/origenes-de-la-moda-ibicenca\/#article","isPartOf":{"@id":"https:\/\/blog.formenterabreak.com\/it\/formentera-it\/origenes-de-la-moda-ibicenca\/"},"author":{"name":"formenterabreak","@id":"https:\/\/blog.formenterabreak.com\/#\/schema\/person\/0cb261818cd2b72826c69277bf1e354b"},"headline":"Le origini della moda di ibizenca","datePublished":"2021-07-30T08:29:09+00:00","dateModified":"2022-03-31T12:07:20+00:00","mainEntityOfPage":{"@id":"https:\/\/blog.formenterabreak.com\/it\/formentera-it\/origenes-de-la-moda-ibicenca\/"},"wordCount":949,"commentCount":0,"publisher":{"@id":"https:\/\/blog.formenterabreak.com\/#organization"},"image":{"@id":"https:\/\/blog.formenterabreak.com\/it\/formentera-it\/origenes-de-la-moda-ibicenca\/#primaryimage"},"thumbnailUrl":"https:\/\/blog.formenterabreak.com\/wp-content\/uploads\/2021\/08\/020-adlib-historia-80s-683x1024.jpg","keywords":["dise\u00f1adores de moda ibicenca","moda adlib","moda artesanal ibicenca","origen de moda ibicenca","Origen del estilo ibicenco"],"articleSection":["Formentera"],"inLanguage":"it-IT","potentialAction":[{"@type":"CommentAction","name":"Comment","target":["https:\/\/blog.formenterabreak.com\/it\/formentera-it\/origenes-de-la-moda-ibicenca\/#respond"]}]},{"@type":"WebPage","@id":"https:\/\/blog.formenterabreak.com\/it\/formentera-it\/origenes-de-la-moda-ibicenca\/","url":"https:\/\/blog.formenterabreak.com\/it\/formentera-it\/origenes-de-la-moda-ibicenca\/","name":"Scopri le origini della moda ibizenca | Formentera Break","isPartOf":{"@id":"https:\/\/blog.formenterabreak.com\/#website"},"primaryImageOfPage":{"@id":"https:\/\/blog.formenterabreak.com\/it\/formentera-it\/origenes-de-la-moda-ibicenca\/#primaryimage"},"image":{"@id":"https:\/\/blog.formenterabreak.com\/it\/formentera-it\/origenes-de-la-moda-ibicenca\/#primaryimage"},"thumbnailUrl":"https:\/\/blog.formenterabreak.com\/wp-content\/uploads\/2021\/08\/020-adlib-historia-80s-683x1024.jpg","datePublished":"2021-07-30T08:29:09+00:00","dateModified":"2022-03-31T12:07:20+00:00","description":"Conosciamo tutti la moda di Ibiza, ma da dove viene? Approfondiamo gli inizi di questo stile caratteristico delle Isole Baleari.","breadcrumb":{"@id":"https:\/\/blog.formenterabreak.com\/it\/formentera-it\/origenes-de-la-moda-ibicenca\/#breadcrumb"},"inLanguage":"it-IT","potentialAction":[{"@type":"ReadAction","target":["https:\/\/blog.formenterabreak.com\/it\/formentera-it\/origenes-de-la-moda-ibicenca\/"]}]},{"@type":"ImageObject","inLanguage":"it-IT","@id":"https:\/\/blog.formenterabreak.com\/it\/formentera-it\/origenes-de-la-moda-ibicenca\/#primaryimage","url":"https:\/\/blog.formenterabreak.com\/wp-content\/uploads\/2021\/08\/020-adlib-historia-80s-683x1024.jpg","contentUrl":"https:\/\/blog.formenterabreak.com\/wp-content\/uploads\/2021\/08\/020-adlib-historia-80s-683x1024.jpg"},{"@type":"BreadcrumbList","@id":"https:\/\/blog.formenterabreak.com\/it\/formentera-it\/origenes-de-la-moda-ibicenca\/#breadcrumb","itemListElement":[{"@type":"ListItem","position":1,"name":"Portada","item":"https:\/\/blog.formenterabreak.com\/"},{"@type":"ListItem","position":2,"name":"Le origini della moda di ibizenca"}]},{"@type":"WebSite","@id":"https:\/\/blog.formenterabreak.com\/#website","url":"https:\/\/blog.formenterabreak.com\/","name":"Formentera en Blog","description":"Formentera en Blog by Formentera Break","publisher":{"@id":"https:\/\/blog.formenterabreak.com\/#organization"},"alternateName":"Formentera en Blog","potentialAction":[{"@type":"SearchAction","target":{"@type":"EntryPoint","urlTemplate":"https:\/\/blog.formenterabreak.com\/?s={search_term_string}"},"query-input":{"@type":"PropertyValueSpecification","valueRequired":true,"valueName":"search_term_string"}}],"inLanguage":"it-IT"},{"@type":"Organization","@id":"https:\/\/blog.formenterabreak.com\/#organization","name":"Formentera Break","url":"https:\/\/blog.formenterabreak.com\/","logo":{"@type":"ImageObject","inLanguage":"it-IT","@id":"https:\/\/blog.formenterabreak.com\/#\/schema\/logo\/image\/","url":"https:\/\/i0.wp.com\/blog.formenterabreak.com\/wp-content\/uploads\/2021\/04\/logo.png?fit=485%2C136&ssl=1","contentUrl":"https:\/\/i0.wp.com\/blog.formenterabreak.com\/wp-content\/uploads\/2021\/04\/logo.png?fit=485%2C136&ssl=1","width":485,"height":136,"caption":"Formentera Break"},"image":{"@id":"https:\/\/blog.formenterabreak.com\/#\/schema\/logo\/image\/"},"sameAs":["https:\/\/www.facebook.com\/formenterabreak","https:\/\/www.instagram.com\/formenterabreak\/","https:\/\/www.tiktok.com\/@formentera.break"]},{"@type":"Person","@id":"https:\/\/blog.formenterabreak.com\/#\/schema\/person\/0cb261818cd2b72826c69277bf1e354b","name":"formenterabreak","image":{"@type":"ImageObject","inLanguage":"it-IT","@id":"https:\/\/secure.gravatar.com\/avatar\/737007e969e60568644f2a06dc1093d08be52ca7f05dde3c22818d2d63802a38?s=96&d=identicon&r=g","url":"https:\/\/secure.gravatar.com\/avatar\/737007e969e60568644f2a06dc1093d08be52ca7f05dde3c22818d2d63802a38?s=96&d=identicon&r=g","contentUrl":"https:\/\/secure.gravatar.com\/avatar\/737007e969e60568644f2a06dc1093d08be52ca7f05dde3c22818d2d63802a38?s=96&d=identicon&r=g","caption":"formenterabreak"},"sameAs":["http:\/\/formenterabreak.wordpress.com"],"url":"https:\/\/blog.formenterabreak.com\/it\/author\/formenterabreak\/"}]}},"jetpack_publicize_connections":[],"jetpack_likes_enabled":true,"jetpack_sharing_enabled":true,"jetpack_shortlink":"https:\/\/wp.me\/pd1o8i-yJ","jetpack_featured_media_url":"","_links":{"self":[{"href":"https:\/\/blog.formenterabreak.com\/it\/wp-json\/wp\/v2\/posts\/2153","targetHints":{"allow":["GET"]}}],"collection":[{"href":"https:\/\/blog.formenterabreak.com\/it\/wp-json\/wp\/v2\/posts"}],"about":[{"href":"https:\/\/blog.formenterabreak.com\/it\/wp-json\/wp\/v2\/types\/post"}],"author":[{"embeddable":true,"href":"https:\/\/blog.formenterabreak.com\/it\/wp-json\/wp\/v2\/users\/205492823"}],"replies":[{"embeddable":true,"href":"https:\/\/blog.formenterabreak.com\/it\/wp-json\/wp\/v2\/comments?post=2153"}],"version-history":[{"count":12,"href":"https:\/\/blog.formenterabreak.com\/it\/wp-json\/wp\/v2\/posts\/2153\/revisions"}],"predecessor-version":[{"id":2205,"href":"https:\/\/blog.formenterabreak.com\/it\/wp-json\/wp\/v2\/posts\/2153\/revisions\/2205"}],"wp:attachment":[{"href":"https:\/\/blog.formenterabreak.com\/it\/wp-json\/wp\/v2\/media?parent=2153"}],"wp:term":[{"taxonomy":"category","embeddable":true,"href":"https:\/\/blog.formenterabreak.com\/it\/wp-json\/wp\/v2\/categories?post=2153"},{"taxonomy":"post_tag","embeddable":true,"href":"https:\/\/blog.formenterabreak.com\/it\/wp-json\/wp\/v2\/tags?post=2153"}],"curies":[{"name":"wp","href":"https:\/\/api.w.org\/{rel}","templated":true}]}}