{"id":2216,"date":"2021-07-17T23:23:26","date_gmt":"2021-07-17T21:23:26","guid":{"rendered":"https:\/\/blog.formenterabreak.com\/non-categorizzato\/atardeceres-en-formentera\/"},"modified":"2022-04-05T11:38:56","modified_gmt":"2022-04-05T09:38:56","slug":"atardeceres-en-formentera","status":"publish","type":"post","link":"https:\/\/blog.formenterabreak.com\/it\/formentera-it\/piani-a-formenetra\/atardeceres-en-formentera\/","title":{"rendered":"Tramonti a Formentera"},"content":{"rendered":"\n<h1 class=\"wp-block-heading\"><p><strong>I migliori tramonti sono qui: scoprite dove guardare il tramonto a Formentera<\/strong><\/p><\/h1>\n\n<p class=\"wp-block-paragraph\">La verit\u00e0 \u00e8 che, pur essendo la sorella minore delle Isole Baleari, \u00e8 una delle pi\u00f9 ambite dal turismo sia nazionale che internazionale. E non \u00e8 da meno. Formentera \u00e8 il nostro angolo di paradiso nel mezzo del Mediterraneo.&#13;\n&#13;\n<\/p>\n\n<p class=\"wp-block-paragraph\"><p>Spiagge di sabbia bianca, mare trasparente, case e paesi da sogno e un&#8217;offerta per il tempo libero per tutti i gusti. Tuttavia, c&#8217;\u00e8 qualcosa che ci fa innamorare ancora di pi\u00f9 di Formentera e sono i <strong>suoi incomparabili tramonti.<\/strong><\/p><\/p>\n\n<p class=\"wp-block-paragraph\"><p>Da soli o in compagnia, \u00e8 uno dei <a href=\"\/?p=317\" target=\"_blank\" rel=\"noopener\" data-mce-href=\"https:\/\/blog.formenterabreak.com\/formentera\/planes-imprescindibles-en-formentera\/\"><strong>piani essenziali<\/strong><\/a>, qualcosa a cui dovete assistere prima di terminare la vostra vacanza sull&#8217;isola. E, naturalmente, vi aiuteremo a trovare quei punti chiave dove puoi vedere il tramonto a Formentera.<\/p><\/p>\n\n<h2 class=\"wp-block-heading\"><p><strong>5 posti per godersi i migliori tramonti a Formentera<\/strong><\/p><\/h2>\n\n<h3 class=\"wp-block-heading\"><p><strong>Respirando libert\u00e1 a Cap de Barbaria<\/strong><\/p><\/h3>\n\n<p class=\"wp-block-paragraph\"><p>Se si conosce qualcosa di questa isola di Pitiusa, sicuramente e\u2019 l\u2019emblematico faro , situato a <a href=\"https:\/\/www.google.com\/maps?q=cap+de+barbaria+formentera&amp;amp;um=1&amp;amp;ie=UTF-8&amp;amp;sa=X&amp;amp;ved=2ahUKEwjO7s_7hdPwAhXknVwKHTihDiwQ_AUoAnoECAEQBA&quot;\" target=\"_blank\" rel=\"noopener\" data-mce-href=\"https:\/\/www.google.com\/maps?q=cap+de+barbaria+formentera&amp;amp;um=1&amp;amp;ie=UTF-8&amp;amp;sa=X&amp;amp;ved=2ahUKEwjO7s_7hdPwAhXknVwKHTihDiwQ_AUoAnoECAEQBA&quot;\"><strong>Cap de Barbaria<\/strong><\/a>. Con quasi ogni probabilit\u00e0 si tratta di uno dei punti pi\u00f9 fotografati di Formentera ed \u00e8 proprio da qui che inizieremo questo tour, nel punto pi\u00f9 meridionale e pi\u00f9 vicino alla costa africana dell&#8217;intera isola.<\/p><\/p>\n\n<p class=\"wp-block-paragraph\">Poca vita  urbana  e un paesaggio prevalentemente roccioso, fanno da scenario ad uno dei tramonti piu spettacolari dell\u2019isola. L\u2019orizzonte  si tinge di toni rossastri, dorati e violacei in contrasto con l&#8217;azzurro del Mediterraneo.&#13;\n<\/p>\n\n<p class=\"wp-block-paragraph\"><p><span class=\"VIiyi\" lang=\"it\"><span class=\"JLqJ4b ChMk0b\" data-language-for-alternatives=\"it\" data-language-to-translate-into=\"es\" data-phrase-index=\"0\" data-number-of-phrases=\"1\">A complementare la nostra vista , il suo mitico faro -ancora in funzione- e un angolo segreto, <strong>la cova foradada<\/strong>, una grotta il cui accesso avviene attraverso un buco nel terreno\u00a0 che ci conduce ad un incredibile balcone naturale\u00a0 con vista sul mare.<\/span><\/span><\/p><\/p>\n\n<p class=\"wp-block-paragraph\">Per visitare Cap de Barbaria dobbiamo partire dal paese di Sant Francesc Xavier, dirigendoci a sud. Naturalmente l&#8217;accesso all&#8217;area \u00e8 limitato ad auto e moto, quindi dobbiamo lasciare il nostro veicolo nel parcheggio gratuito situato a circa 1,7 chilometri di distanza e fare il resto del viaggio a piedi o in bicicletta.<\/p>\n\n<p class=\"wp-block-paragraph\"><p>E se avete delle domande su <strong>c<a href=\"https:\/\/www.formenterabreak.es\/contacto&quot;\" target=\"_blank\" rel=\"noopener\" data-mce-href=\"https:\/\/www.formenterabreak.es\/contacto&quot;\">ome noleggiare il vostro mezzo<\/a> <\/strong>per muovervi sull&#8217; &#8216;isola, noi sappiamo come aiutarvi!<\/p><\/p>\n\n<div class=\"wp-block-image\"><figure class=\"aligncenter size-large\"><img data-recalc-dims=\"1\" loading=\"lazy\" decoding=\"async\" width=\"1024\" height=\"683\" src=\"https:\/\/i0.wp.com\/blog.formenterabreak.com\/wp-content\/uploads\/2021\/07\/MG_3887-1.jpg?resize=1024%2C683&#038;ssl=1\" alt=\"\" class=\"wp-image-724\" srcset=\"https:\/\/i0.wp.com\/blog.formenterabreak.com\/wp-content\/uploads\/2021\/07\/MG_3887-1.jpg?resize=1024%2C683&amp;ssl=1 1024w, https:\/\/i0.wp.com\/blog.formenterabreak.com\/wp-content\/uploads\/2021\/07\/MG_3887-1.jpg?resize=300%2C200&amp;ssl=1 300w, https:\/\/i0.wp.com\/blog.formenterabreak.com\/wp-content\/uploads\/2021\/07\/MG_3887-1.jpg?resize=768%2C512&amp;ssl=1 768w, https:\/\/i0.wp.com\/blog.formenterabreak.com\/wp-content\/uploads\/2021\/07\/MG_3887-1.jpg?resize=1536%2C1024&amp;ssl=1 1536w, https:\/\/i0.wp.com\/blog.formenterabreak.com\/wp-content\/uploads\/2021\/07\/MG_3887-1.jpg?resize=2048%2C1365&amp;ssl=1 2048w, https:\/\/i0.wp.com\/blog.formenterabreak.com\/wp-content\/uploads\/2021\/07\/MG_3887-1.jpg?resize=1200%2C800&amp;ssl=1 1200w, https:\/\/i0.wp.com\/blog.formenterabreak.com\/wp-content\/uploads\/2021\/07\/MG_3887-1.jpg?w=2400&amp;ssl=1 2400w, https:\/\/i0.wp.com\/blog.formenterabreak.com\/wp-content\/uploads\/2021\/07\/MG_3887-1.jpg?w=3600&amp;ssl=1 3600w\" sizes=\"auto, (max-width: 1024px) 100vw, 1024px\" \/><\/figure><\/div>\n\n<h3 class=\"wp-block-heading\"><p><strong>Punto panoramico La Mola, Formentera a 360 gradi<\/strong><\/p><\/h3>\n\n<p class=\"wp-block-paragraph\"><p>Casi en el otro extremo de la isla tenemos el otro gran mirador, el de La Mola, a tan solo cinco minutos del otro emblem\u00e1tico faro de Formentera y con no menos desde\u00f1ables <strong>vistas al atardecer<\/strong>.<\/p><\/p>\n\n<p class=\"wp-block-paragraph\"><p>Quasi all&#8217;altra estremit\u00e0 dell&#8217;isola troviamo l&#8217;altro grande belvedere, <a href=\"http:\/\/Mirador de La Mola\" target=\"_blank\" rel=\"noopener\" data-mce-href=\"http:\/\/Mirador de La Mola\"><strong>La Mola<\/strong><\/a>,con tramonti altrettanto pittoreschi.<br\/>Nello specifico, il Mirador de La Mola si trova nel punto pi\u00f9 alto dell&#8217;isola, il che ci permette di vederlo nella sua interezza, fino a scorgere anche Ibiza. Ecco perch\u00e9 qui i tramonti sono spettacolari e i suoi panorami, in contrasto con il terreno arido di Cap de Barbaria, sono una coltre verde che ricoprono la sagoma dell&#8217;isola.<\/p><\/p>\n\n<p class=\"wp-block-paragraph\"><p>Per arrivarci non ci resta che avanzare di un paio di chilometri da Es Cal\u00f3 de San Agust\u00ed verso il paese di El Pilar e prendere una deviazione che troveremo sulla destra fino a raggiungere il<strong><a href=\"https:\/\/www.facebook.com\/elmiradordeformentera&quot;&gt;restaurante El Mirador\" target=\"_blank\" rel=\"noopener\" data-mce-href=\"https:\/\/www.facebook.com\/elmiradordeformentera&quot;&gt;restaurante El Mirador\"> ristorante El Mirador<\/a>,<\/strong> dove oltre a contemplare il panorama , potrete anche gustare alcuni <strong>dei piatti pi\u00f9 tipici delle Pitiusas.<\/strong><\/p><\/p>\n\n<h3 class=\"wp-block-heading\"><p><strong>Cala Saona, tramonto al ritmo delle onde<\/strong><\/p><\/h3>\n\n<p class=\"wp-block-paragraph\"><p>Conoscete quel tipico paesaggio da cartolina che sembra quasi irreale? Con il suo mare calmo, una barchetta cullata dalla corrente, il sole che scompare all&#8217;orizzonte&#8230; Ebbene, questa \u00a0\u00e8 <a href=\"https:\/\/www.google.com\/maps\/search\/cala+saona\/@38.6934056,1.3748184,14z\/data=!3m1!4b1&quot;&gt;&lt;strong&gt;Cala Saona\" target=\"_blank\" rel=\"noopener\" data-mce-href=\"https:\/\/www.google.com\/maps\/search\/cala+saona\/@38.6934056,1.3748184,14z\/data=!3m1!4b1&quot;&gt;&lt;strong&gt;Cala Saona\"><strong>Cala Saona<\/strong> <\/a>al tramonto.<\/p><\/p>\n\n<p class=\"wp-block-paragraph\">Ed \u00e8 che, non solo \u00e8 una delle spiagge pi\u00f9 belle e piacevoli dove trascorrere la giornata a Formentera. Grazie alla sua posizione geografica nella parte orientale dell&#8217;isola, \u00e8 uno dei pochi posti  che ci permette di godere del suo magico tramonto dalla spiaggia. \u00c8 quasi ipnotico vedere come gli ultimi raggi di luce inondano le sue acque e le sue scogliere, cambiandone il colore.<\/p>\n\n<p class=\"wp-block-paragraph\"><p>Inoltre, a differenza della zona di Cap de Barbaria, qui potete anche godervi\u00a0 il tramonto con un mojito in mano,\u00a0 nel <strong>\u00a0<a href=\"http:\/\/www.formentera.es\/escapada-formentera\/cala-saona\/&quot;\" target=\"_blank\" rel=\"noopener\" data-mce-href=\"http:\/\/www.formentera.es\/escapada-formentera\/cala-saona\/&quot;\">Kiosko Cala Saona<\/a>,<\/strong> uno dei classici tra i classici di Formentera.<\/p><\/p>\n\n<div class=\"wp-block-image\"><figure class=\"aligncenter size-large\"><img data-recalc-dims=\"1\" loading=\"lazy\" decoding=\"async\" width=\"1024\" height=\"683\" src=\"https:\/\/i0.wp.com\/blog.formenterabreak.com\/wp-content\/uploads\/2021\/07\/MG_0330.jpg?resize=1024%2C683&#038;ssl=1\" alt=\"\" class=\"wp-image-727\" srcset=\"https:\/\/i0.wp.com\/blog.formenterabreak.com\/wp-content\/uploads\/2021\/07\/MG_0330.jpg?resize=1024%2C683&amp;ssl=1 1024w, https:\/\/i0.wp.com\/blog.formenterabreak.com\/wp-content\/uploads\/2021\/07\/MG_0330.jpg?resize=300%2C200&amp;ssl=1 300w, https:\/\/i0.wp.com\/blog.formenterabreak.com\/wp-content\/uploads\/2021\/07\/MG_0330.jpg?resize=768%2C512&amp;ssl=1 768w, https:\/\/i0.wp.com\/blog.formenterabreak.com\/wp-content\/uploads\/2021\/07\/MG_0330.jpg?resize=1536%2C1024&amp;ssl=1 1536w, https:\/\/i0.wp.com\/blog.formenterabreak.com\/wp-content\/uploads\/2021\/07\/MG_0330.jpg?resize=2048%2C1365&amp;ssl=1 2048w, https:\/\/i0.wp.com\/blog.formenterabreak.com\/wp-content\/uploads\/2021\/07\/MG_0330.jpg?resize=1200%2C800&amp;ssl=1 1200w, https:\/\/i0.wp.com\/blog.formenterabreak.com\/wp-content\/uploads\/2021\/07\/MG_0330.jpg?w=2400&amp;ssl=1 2400w, https:\/\/i0.wp.com\/blog.formenterabreak.com\/wp-content\/uploads\/2021\/07\/MG_0330.jpg?w=3600&amp;ssl=1 3600w\" sizes=\"auto, (max-width: 1024px) 100vw, 1024px\" \/><\/figure><\/div>\n\n<h3 class=\"wp-block-heading\"><p><strong>La spiaggia di Migjorn ei suoi tramonti Formentera Style<\/strong><\/p><\/h3>\n\n<p class=\"wp-block-paragraph\"><p>Siamo sicuri che durante il vostro viaggio a Formentera vorrete sfruttare al meglio il vostro tempo e siamo sicuri che nel vostro tour non potr\u00e1 mancare una tappa alla sua spiaggia per eccellenza:<a href=\"https:\/\/www.google.com\/maps\/place\/Playa+de+Mitjorn\/@38.6833314,1.4658237,14z\/data=!3m1!4b1!4m5!3m4!1s0x12995faa8cb62235:0xa1e1a04ba366505a!8m2!3d38.6833333!4d1.4833333&quot;&gt;&lt;strong&gt;Es Migjorn&lt;\/strong\" target=\"_blank\" rel=\"noopener\" data-mce-href=\"https:\/\/www.google.com\/maps\/place\/Playa+de+Mitjorn\/@38.6833314,1.4658237,14z\/data=!3m1!4b1!4m5!3m4!1s0x12995faa8cb62235:0xa1e1a04ba366505a!8m2!3d38.6833333!4d1.4833333&quot;&gt;&lt;strong&gt;Es Migjorn&lt;\/strong\"><strong> Es Migjorn.<\/strong><\/a><br data-mce-bogus=\"1\"\/><\/p><\/p>\n\n<p class=\"wp-block-paragraph\">Non stiamo parlando solo della sua dimensione, che si estende per oltre 4 chilometri. Parliamo anche del  suo fascino, della sua atmosfera festosa con alcuni dei migliori beach bar dell&#8217;isola, dei suoi innumerevoli angoli dove si respira aria di libert\u00e0 e, ovviamente, dei suoi tramonti.&#13;\n<\/p>\n\n<p class=\"wp-block-paragraph\"><p>E il fatto \u00e8 che, dopo un&#8217;intensa giornata di bagni e sole, cosa c&#8217;\u00e8 di meglio che cedere il tramonto con una birra fresca in mano? Ebbene, tutti, asciugamano alla mano, al <a href=\"https:\/\/www.facebook.com\/62Formentera\/&quot;&gt;&lt;strong&gt;Kiosko 62&lt;\/strong&gt;&lt;\" target=\"_blank\" rel=\"noopener\" data-mce-href=\"https:\/\/www.facebook.com\/62Formentera\/&quot;&gt;&lt;strong&gt;Kiosko 62&lt;\/strong&gt;&lt;\"><strong>Kiosko 62.<\/strong> <\/a>Un&#8217;istituzione tra i beach bar dell&#8217;isola, quasi in riva al mare, che \u00e8 anche uno dei pochi locali aperti tutto l&#8217;anno. Non c&#8217;\u00e8 piano migliore per vivere l&#8217;atmosfera boh\u00e9mien dell&#8217;isola nel pi\u00f9 puro stile di Formentera.<\/p><\/p>\n\n<h3 class=\"wp-block-heading\"><p><strong>Un &#8216;bacio&#8217; indimenticabile a Covall d&#8217;en Borr\u00e1s<\/strong><\/p><\/h3>\n\n<p class=\"wp-block-paragraph\"><p>La nostra ultima tappa per oggi. Ci spostiamo a nord dell&#8217;isola, nel<strong> Parco Naturale di Ses Salines,<\/strong> precisamente nella spiaggia di <strong>Es Cavall d&#8217;en Borr\u00e1s.<\/strong> Una giornata qui \u00e8 sinonimo di tranquillit\u00e0, pace, respirare aria fresca. E anche innamorarsi,o almeno farlo dei suoi tramonti.<\/p><\/p>\n\n<p class=\"wp-block-paragraph\">Non per niente \u00e8 uno dei luoghi di pellegrinaggio per gli amanti dei tramonti in un ambiente di natura quasi vergine, dune boscose e innumerevoli calette riparate dalla folla.<\/p>\n\n<p class=\"wp-block-paragraph\"><p>Certo, non pensate che tutto \u00e9 calma , silenzioe spiritualit\u00e1. Per quelli di voi che cercano anche la parte pi\u00f9 vivace e festosa di Formentera, qui a Cavall d&#8217;en Borr\u00e1s c&#8217;\u00e8 il &#8220;bar sulla spiaggia&#8221; per eccellenza: <a href=\"http:\/\/&quot;https:\/\/www.besobeach.com\/formentera&quot;\" target=\"_blank\" rel=\"noopener\" data-mce-href=\"http:\/\/&quot;https:\/\/www.besobeach.com\/formentera&quot;\"><strong>Beso Beach.<\/strong><\/a><br data-mce-bogus=\"1\"\/><\/p><\/p>\n\n<p class=\"wp-block-paragraph\"><p>Questo ristorante all&#8217;aperto, con un&#8217;aria di chill out e fatto di buone vibrazioni i si riempie ogni estate di persone da tutto il mondo per salutare la giornata in compagnia di un delizioso cocktail, cibo e buona musica. \u00c8 il luogo ideale per incontrare nuove persone, ballare al ritmo delle onde del Mediterraneo e <strong>vivere la magia dei migliori tramonti di Formentera.<\/strong><\/p><\/p>\n\n<p class=\"wp-block-paragraph\"><p><strong>Ricorda, #nonc\u00e9estatesenzabacio. E, d&#8217;ora in poi, speriamo, non ci sia estate senza Formentera Break. !<\/strong><\/p><\/p>\n","protected":false},"excerpt":{"rendered":"<p>I migliori tramonti sono qui: scoprite dove guardare il tramonto a Formentera La verit\u00e0 \u00e8 che, pur essendo la sorella minore delle Isole Baleari, \u00e8 una delle pi\u00f9 ambite dal turismo sia nazionale che internazionale. E non \u00e8 da meno. Formentera \u00e8 il nostro angolo di paradiso nel mezzo del Mediterraneo.&#13; &#13; Spiagge di sabbia [&hellip;]<\/p>\n","protected":false},"author":205492823,"featured_media":787,"comment_status":"open","ping_status":"open","sticky":false,"template":"","format":"standard","meta":{"_coblocks_attr":"","_coblocks_dimensions":"","_coblocks_responsive_height":"","_coblocks_accordion_ie_support":"","ocean_front_end_style_editor":"no","ocean_post_layout":"","ocean_both_sidebars_style":"","ocean_both_sidebars_content_width":0,"ocean_both_sidebars_sidebars_width":0,"ocean_sidebar":"0","ocean_second_sidebar":"0","ocean_disable_margins":"enable","ocean_add_body_class":"","ocean_shortcode_before_top_bar":"","ocean_shortcode_after_top_bar":"","ocean_shortcode_before_header":"","ocean_shortcode_after_header":"","ocean_has_shortcode":"","ocean_shortcode_after_title":"","ocean_shortcode_before_footer_widgets":"","ocean_shortcode_after_footer_widgets":"","ocean_shortcode_before_footer_bottom":"","ocean_shortcode_after_footer_bottom":"","ocean_display_top_bar":"default","ocean_display_header":"default","ocean_header_style":"","ocean_center_header_left_menu":"0","ocean_custom_header_template":"0","ocean_custom_logo":0,"ocean_custom_retina_logo":0,"ocean_custom_logo_max_width":0,"ocean_custom_logo_tablet_max_width":0,"ocean_custom_logo_mobile_max_width":0,"ocean_custom_logo_max_height":0,"ocean_custom_logo_tablet_max_height":0,"ocean_custom_logo_mobile_max_height":0,"ocean_header_custom_menu":"0","ocean_menu_typo_font_family":"0","ocean_menu_typo_font_subset":"","ocean_menu_typo_font_size":0,"ocean_menu_typo_font_size_tablet":0,"ocean_menu_typo_font_size_mobile":0,"ocean_menu_typo_font_size_unit":"px","ocean_menu_typo_font_weight":"","ocean_menu_typo_font_weight_tablet":"","ocean_menu_typo_font_weight_mobile":"","ocean_menu_typo_transform":"","ocean_menu_typo_transform_tablet":"","ocean_menu_typo_transform_mobile":"","ocean_menu_typo_line_height":0,"ocean_menu_typo_line_height_tablet":0,"ocean_menu_typo_line_height_mobile":0,"ocean_menu_typo_line_height_unit":"","ocean_menu_typo_spacing":0,"ocean_menu_typo_spacing_tablet":0,"ocean_menu_typo_spacing_mobile":0,"ocean_menu_typo_spacing_unit":"","ocean_menu_link_color":"","ocean_menu_link_color_hover":"","ocean_menu_link_color_active":"","ocean_menu_link_background":"","ocean_menu_link_hover_background":"","ocean_menu_link_active_background":"","ocean_menu_social_links_bg":"","ocean_menu_social_hover_links_bg":"","ocean_menu_social_links_color":"","ocean_menu_social_hover_links_color":"","ocean_disable_title":"default","ocean_disable_heading":"default","ocean_post_title":"","ocean_post_subheading":"","ocean_post_title_style":"","ocean_post_title_background_color":"","ocean_post_title_background":0,"ocean_post_title_bg_image_position":"","ocean_post_title_bg_image_attachment":"","ocean_post_title_bg_image_repeat":"","ocean_post_title_bg_image_size":"","ocean_post_title_height":0,"ocean_post_title_bg_overlay":0.5,"ocean_post_title_bg_overlay_color":"","ocean_disable_breadcrumbs":"default","ocean_breadcrumbs_color":"","ocean_breadcrumbs_separator_color":"","ocean_breadcrumbs_links_color":"","ocean_breadcrumbs_links_hover_color":"","ocean_display_footer_widgets":"default","ocean_display_footer_bottom":"default","ocean_custom_footer_template":"0","_jetpack_newsletter_access":"","_jetpack_dont_email_post_to_subs":false,"_jetpack_newsletter_tier_id":0,"_jetpack_memberships_contains_paywalled_content":false,"_wpcom_ai_launchpad_first_post":false,"_jetpack_feature_clip_id":0,"_jetpack_memberships_contains_paid_content":false,"ocean_post_oembed":"","ocean_post_self_hosted_media":"","ocean_post_video_embed":"","ocean_link_format":"","ocean_link_format_target":"self","ocean_quote_format":"","ocean_quote_format_link":"post","ocean_gallery_link_images":"on","ocean_gallery_id":[],"footnotes":"","jetpack_publicize_message":"{title}\n\n{excerpt}\n\n{url}","jetpack_publicize_feature_enabled":true,"jetpack_social_post_already_shared":true,"jetpack_social_options":{"image_generator_settings":{"template":"highway","default_image_id":0,"font":"","enabled":false},"version":2},"_wpas_customize_per_network":false,"jetpack_post_was_ever_published":false},"categories":[122132],"tags":[122256,122308],"class_list":["post-2216","post","type-post","status-publish","format-standard","has-post-thumbnail","hentry","category-piani-a-formenetra","tag-chiringuitos-formentera-it","tag-donde-ver-atardecer-formentera-it","entry","has-media"],"yoast_head":"<!-- This site is optimized with the Yoast SEO plugin v28.4 - https:\/\/yoast.com\/product\/yoast-seo-wordpress\/ -->\n<title>Dove vedere il tramonto a Formentera | Formentera Break<\/title>\n<meta name=\"description\" content=\"Godersi il tramonto in riva al mare \u00e8 un momento magico. Sapete dove vedere il tramonto a Formentera? Consigliamo i posti migliori\" \/>\n<meta name=\"robots\" content=\"index, follow, max-snippet:-1, max-image-preview:large, max-video-preview:-1\" \/>\n<link rel=\"canonical\" href=\"https:\/\/blog.formenterabreak.com\/it\/formentera-it\/piani-a-formenetra\/atardeceres-en-formentera\/\" \/>\n<meta property=\"og:locale\" content=\"it_IT\" \/>\n<meta property=\"og:type\" content=\"article\" \/>\n<meta property=\"og:title\" content=\"Dove vedere il tramonto a Formentera | Formentera Break\" \/>\n<meta property=\"og:description\" content=\"Godersi il tramonto in riva al mare \u00e8 un momento magico. Sapete dove vedere il tramonto a Formentera? Consigliamo i posti migliori\" \/>\n<meta property=\"og:url\" content=\"https:\/\/blog.formenterabreak.com\/it\/formentera-it\/piani-a-formenetra\/atardeceres-en-formentera\/\" \/>\n<meta property=\"og:site_name\" content=\"Formentera en Blog\" \/>\n<meta property=\"article:publisher\" content=\"https:\/\/www.facebook.com\/formenterabreak\" \/>\n<meta property=\"article:published_time\" content=\"2021-07-17T21:23:26+00:00\" \/>\n<meta property=\"article:modified_time\" content=\"2022-04-05T09:38:56+00:00\" \/>\n<meta property=\"og:image\" content=\"https:\/\/blog.formenterabreak.com\/wp-content\/uploads\/2021\/07\/MG_8544-1-16x9-1.jpg\" \/>\n\t<meta property=\"og:image:width\" content=\"1600\" \/>\n\t<meta property=\"og:image:height\" content=\"900\" \/>\n\t<meta property=\"og:image:type\" content=\"image\/jpeg\" \/>\n<meta name=\"author\" content=\"formenterabreak\" \/>\n<meta name=\"twitter:card\" content=\"summary_large_image\" \/>\n<meta name=\"twitter:label1\" content=\"Scritto da\" \/>\n\t<meta name=\"twitter:data1\" content=\"formenterabreak\" \/>\n\t<meta name=\"twitter:label2\" content=\"Tempo di lettura stimato\" \/>\n\t<meta name=\"twitter:data2\" content=\"5 minuti\" \/>\n<script type=\"application\/ld+json\" class=\"yoast-schema-graph\">{\"@context\":\"https:\\\/\\\/schema.org\",\"@graph\":[{\"@type\":\"Article\",\"@id\":\"https:\\\/\\\/blog.formenterabreak.com\\\/it\\\/formentera-it\\\/piani-a-formenetra\\\/atardeceres-en-formentera\\\/#article\",\"isPartOf\":{\"@id\":\"https:\\\/\\\/blog.formenterabreak.com\\\/it\\\/formentera-it\\\/piani-a-formenetra\\\/atardeceres-en-formentera\\\/\"},\"author\":{\"name\":\"formenterabreak\",\"@id\":\"https:\\\/\\\/blog.formenterabreak.com\\\/#\\\/schema\\\/person\\\/0cb261818cd2b72826c69277bf1e354b\"},\"headline\":\"Tramonti a Formentera\",\"datePublished\":\"2021-07-17T21:23:26+00:00\",\"dateModified\":\"2022-04-05T09:38:56+00:00\",\"mainEntityOfPage\":{\"@id\":\"https:\\\/\\\/blog.formenterabreak.com\\\/it\\\/formentera-it\\\/piani-a-formenetra\\\/atardeceres-en-formentera\\\/\"},\"wordCount\":1020,\"commentCount\":0,\"publisher\":{\"@id\":\"https:\\\/\\\/blog.formenterabreak.com\\\/#organization\"},\"image\":{\"@id\":\"https:\\\/\\\/blog.formenterabreak.com\\\/it\\\/formentera-it\\\/piani-a-formenetra\\\/atardeceres-en-formentera\\\/#primaryimage\"},\"thumbnailUrl\":\"https:\\\/\\\/i0.wp.com\\\/blog.formenterabreak.com\\\/wp-content\\\/uploads\\\/2021\\\/07\\\/MG_8544-1-16x9-1.jpg?fit=1600%2C900&ssl=1\",\"keywords\":[\"Chiringuitos formentera\",\"donde ver atardecer formentera\"],\"articleSection\":[\"Piani a Formenetra\"],\"inLanguage\":\"it-IT\",\"potentialAction\":[{\"@type\":\"CommentAction\",\"name\":\"Comment\",\"target\":[\"https:\\\/\\\/blog.formenterabreak.com\\\/it\\\/formentera-it\\\/piani-a-formenetra\\\/atardeceres-en-formentera\\\/#respond\"]}]},{\"@type\":\"WebPage\",\"@id\":\"https:\\\/\\\/blog.formenterabreak.com\\\/it\\\/formentera-it\\\/piani-a-formenetra\\\/atardeceres-en-formentera\\\/\",\"url\":\"https:\\\/\\\/blog.formenterabreak.com\\\/it\\\/formentera-it\\\/piani-a-formenetra\\\/atardeceres-en-formentera\\\/\",\"name\":\"Dove vedere il tramonto a Formentera | Formentera Break\",\"isPartOf\":{\"@id\":\"https:\\\/\\\/blog.formenterabreak.com\\\/#website\"},\"primaryImageOfPage\":{\"@id\":\"https:\\\/\\\/blog.formenterabreak.com\\\/it\\\/formentera-it\\\/piani-a-formenetra\\\/atardeceres-en-formentera\\\/#primaryimage\"},\"image\":{\"@id\":\"https:\\\/\\\/blog.formenterabreak.com\\\/it\\\/formentera-it\\\/piani-a-formenetra\\\/atardeceres-en-formentera\\\/#primaryimage\"},\"thumbnailUrl\":\"https:\\\/\\\/i0.wp.com\\\/blog.formenterabreak.com\\\/wp-content\\\/uploads\\\/2021\\\/07\\\/MG_8544-1-16x9-1.jpg?fit=1600%2C900&ssl=1\",\"datePublished\":\"2021-07-17T21:23:26+00:00\",\"dateModified\":\"2022-04-05T09:38:56+00:00\",\"description\":\"Godersi il tramonto in riva al mare \u00e8 un momento magico. Sapete dove vedere il tramonto a Formentera? Consigliamo i posti migliori\",\"breadcrumb\":{\"@id\":\"https:\\\/\\\/blog.formenterabreak.com\\\/it\\\/formentera-it\\\/piani-a-formenetra\\\/atardeceres-en-formentera\\\/#breadcrumb\"},\"inLanguage\":\"it-IT\",\"potentialAction\":[{\"@type\":\"ReadAction\",\"target\":[\"https:\\\/\\\/blog.formenterabreak.com\\\/it\\\/formentera-it\\\/piani-a-formenetra\\\/atardeceres-en-formentera\\\/\"]}]},{\"@type\":\"ImageObject\",\"inLanguage\":\"it-IT\",\"@id\":\"https:\\\/\\\/blog.formenterabreak.com\\\/it\\\/formentera-it\\\/piani-a-formenetra\\\/atardeceres-en-formentera\\\/#primaryimage\",\"url\":\"https:\\\/\\\/i0.wp.com\\\/blog.formenterabreak.com\\\/wp-content\\\/uploads\\\/2021\\\/07\\\/MG_8544-1-16x9-1.jpg?fit=1600%2C900&ssl=1\",\"contentUrl\":\"https:\\\/\\\/i0.wp.com\\\/blog.formenterabreak.com\\\/wp-content\\\/uploads\\\/2021\\\/07\\\/MG_8544-1-16x9-1.jpg?fit=1600%2C900&ssl=1\",\"width\":1600,\"height\":900},{\"@type\":\"BreadcrumbList\",\"@id\":\"https:\\\/\\\/blog.formenterabreak.com\\\/it\\\/formentera-it\\\/piani-a-formenetra\\\/atardeceres-en-formentera\\\/#breadcrumb\",\"itemListElement\":[{\"@type\":\"ListItem\",\"position\":1,\"name\":\"Portada\",\"item\":\"https:\\\/\\\/blog.formenterabreak.com\\\/\"},{\"@type\":\"ListItem\",\"position\":2,\"name\":\"Tramonti a Formentera\"}]},{\"@type\":\"WebSite\",\"@id\":\"https:\\\/\\\/blog.formenterabreak.com\\\/#website\",\"url\":\"https:\\\/\\\/blog.formenterabreak.com\\\/\",\"name\":\"Formentera en Blog\",\"description\":\"Formentera en Blog by Formentera Break\",\"publisher\":{\"@id\":\"https:\\\/\\\/blog.formenterabreak.com\\\/#organization\"},\"alternateName\":\"Formentera en Blog\",\"potentialAction\":[{\"@type\":\"SearchAction\",\"target\":{\"@type\":\"EntryPoint\",\"urlTemplate\":\"https:\\\/\\\/blog.formenterabreak.com\\\/?s={search_term_string}\"},\"query-input\":{\"@type\":\"PropertyValueSpecification\",\"valueRequired\":true,\"valueName\":\"search_term_string\"}}],\"inLanguage\":\"it-IT\"},{\"@type\":\"Organization\",\"@id\":\"https:\\\/\\\/blog.formenterabreak.com\\\/#organization\",\"name\":\"Formentera Break\",\"url\":\"https:\\\/\\\/blog.formenterabreak.com\\\/\",\"logo\":{\"@type\":\"ImageObject\",\"inLanguage\":\"it-IT\",\"@id\":\"https:\\\/\\\/blog.formenterabreak.com\\\/#\\\/schema\\\/logo\\\/image\\\/\",\"url\":\"https:\\\/\\\/i0.wp.com\\\/blog.formenterabreak.com\\\/wp-content\\\/uploads\\\/2021\\\/04\\\/logo.png?fit=485%2C136&ssl=1\",\"contentUrl\":\"https:\\\/\\\/i0.wp.com\\\/blog.formenterabreak.com\\\/wp-content\\\/uploads\\\/2021\\\/04\\\/logo.png?fit=485%2C136&ssl=1\",\"width\":485,\"height\":136,\"caption\":\"Formentera Break\"},\"image\":{\"@id\":\"https:\\\/\\\/blog.formenterabreak.com\\\/#\\\/schema\\\/logo\\\/image\\\/\"},\"sameAs\":[\"https:\\\/\\\/www.facebook.com\\\/formenterabreak\",\"https:\\\/\\\/www.instagram.com\\\/formenterabreak\\\/\",\"https:\\\/\\\/www.tiktok.com\\\/@formentera.break\"]},{\"@type\":\"Person\",\"@id\":\"https:\\\/\\\/blog.formenterabreak.com\\\/#\\\/schema\\\/person\\\/0cb261818cd2b72826c69277bf1e354b\",\"name\":\"formenterabreak\",\"image\":{\"@type\":\"ImageObject\",\"inLanguage\":\"it-IT\",\"@id\":\"https:\\\/\\\/secure.gravatar.com\\\/avatar\\\/737007e969e60568644f2a06dc1093d08be52ca7f05dde3c22818d2d63802a38?s=96&d=identicon&r=g\",\"url\":\"https:\\\/\\\/secure.gravatar.com\\\/avatar\\\/737007e969e60568644f2a06dc1093d08be52ca7f05dde3c22818d2d63802a38?s=96&d=identicon&r=g\",\"contentUrl\":\"https:\\\/\\\/secure.gravatar.com\\\/avatar\\\/737007e969e60568644f2a06dc1093d08be52ca7f05dde3c22818d2d63802a38?s=96&d=identicon&r=g\",\"caption\":\"formenterabreak\"},\"sameAs\":[\"http:\\\/\\\/formenterabreak.wordpress.com\"],\"url\":\"https:\\\/\\\/blog.formenterabreak.com\\\/it\\\/author\\\/formenterabreak\\\/\"}]}<\/script>\n<!-- \/ Yoast SEO plugin. -->","yoast_head_json":{"title":"Dove vedere il tramonto a Formentera | Formentera Break","description":"Godersi il tramonto in riva al mare \u00e8 un momento magico. Sapete dove vedere il tramonto a Formentera? Consigliamo i posti migliori","robots":{"index":"index","follow":"follow","max-snippet":"max-snippet:-1","max-image-preview":"max-image-preview:large","max-video-preview":"max-video-preview:-1"},"canonical":"https:\/\/blog.formenterabreak.com\/it\/formentera-it\/piani-a-formenetra\/atardeceres-en-formentera\/","og_locale":"it_IT","og_type":"article","og_title":"Dove vedere il tramonto a Formentera | Formentera Break","og_description":"Godersi il tramonto in riva al mare \u00e8 un momento magico. Sapete dove vedere il tramonto a Formentera? Consigliamo i posti migliori","og_url":"https:\/\/blog.formenterabreak.com\/it\/formentera-it\/piani-a-formenetra\/atardeceres-en-formentera\/","og_site_name":"Formentera en Blog","article_publisher":"https:\/\/www.facebook.com\/formenterabreak","article_published_time":"2021-07-17T21:23:26+00:00","article_modified_time":"2022-04-05T09:38:56+00:00","og_image":[{"width":1600,"height":900,"url":"https:\/\/blog.formenterabreak.com\/wp-content\/uploads\/2021\/07\/MG_8544-1-16x9-1.jpg","type":"image\/jpeg"}],"author":"formenterabreak","twitter_card":"summary_large_image","twitter_misc":{"Scritto da":"formenterabreak","Tempo di lettura stimato":"5 minuti"},"schema":{"@context":"https:\/\/schema.org","@graph":[{"@type":"Article","@id":"https:\/\/blog.formenterabreak.com\/it\/formentera-it\/piani-a-formenetra\/atardeceres-en-formentera\/#article","isPartOf":{"@id":"https:\/\/blog.formenterabreak.com\/it\/formentera-it\/piani-a-formenetra\/atardeceres-en-formentera\/"},"author":{"name":"formenterabreak","@id":"https:\/\/blog.formenterabreak.com\/#\/schema\/person\/0cb261818cd2b72826c69277bf1e354b"},"headline":"Tramonti a Formentera","datePublished":"2021-07-17T21:23:26+00:00","dateModified":"2022-04-05T09:38:56+00:00","mainEntityOfPage":{"@id":"https:\/\/blog.formenterabreak.com\/it\/formentera-it\/piani-a-formenetra\/atardeceres-en-formentera\/"},"wordCount":1020,"commentCount":0,"publisher":{"@id":"https:\/\/blog.formenterabreak.com\/#organization"},"image":{"@id":"https:\/\/blog.formenterabreak.com\/it\/formentera-it\/piani-a-formenetra\/atardeceres-en-formentera\/#primaryimage"},"thumbnailUrl":"https:\/\/i0.wp.com\/blog.formenterabreak.com\/wp-content\/uploads\/2021\/07\/MG_8544-1-16x9-1.jpg?fit=1600%2C900&ssl=1","keywords":["Chiringuitos formentera","donde ver atardecer formentera"],"articleSection":["Piani a Formenetra"],"inLanguage":"it-IT","potentialAction":[{"@type":"CommentAction","name":"Comment","target":["https:\/\/blog.formenterabreak.com\/it\/formentera-it\/piani-a-formenetra\/atardeceres-en-formentera\/#respond"]}]},{"@type":"WebPage","@id":"https:\/\/blog.formenterabreak.com\/it\/formentera-it\/piani-a-formenetra\/atardeceres-en-formentera\/","url":"https:\/\/blog.formenterabreak.com\/it\/formentera-it\/piani-a-formenetra\/atardeceres-en-formentera\/","name":"Dove vedere il tramonto a Formentera | Formentera Break","isPartOf":{"@id":"https:\/\/blog.formenterabreak.com\/#website"},"primaryImageOfPage":{"@id":"https:\/\/blog.formenterabreak.com\/it\/formentera-it\/piani-a-formenetra\/atardeceres-en-formentera\/#primaryimage"},"image":{"@id":"https:\/\/blog.formenterabreak.com\/it\/formentera-it\/piani-a-formenetra\/atardeceres-en-formentera\/#primaryimage"},"thumbnailUrl":"https:\/\/i0.wp.com\/blog.formenterabreak.com\/wp-content\/uploads\/2021\/07\/MG_8544-1-16x9-1.jpg?fit=1600%2C900&ssl=1","datePublished":"2021-07-17T21:23:26+00:00","dateModified":"2022-04-05T09:38:56+00:00","description":"Godersi il tramonto in riva al mare \u00e8 un momento magico. Sapete dove vedere il tramonto a Formentera? Consigliamo i posti migliori","breadcrumb":{"@id":"https:\/\/blog.formenterabreak.com\/it\/formentera-it\/piani-a-formenetra\/atardeceres-en-formentera\/#breadcrumb"},"inLanguage":"it-IT","potentialAction":[{"@type":"ReadAction","target":["https:\/\/blog.formenterabreak.com\/it\/formentera-it\/piani-a-formenetra\/atardeceres-en-formentera\/"]}]},{"@type":"ImageObject","inLanguage":"it-IT","@id":"https:\/\/blog.formenterabreak.com\/it\/formentera-it\/piani-a-formenetra\/atardeceres-en-formentera\/#primaryimage","url":"https:\/\/i0.wp.com\/blog.formenterabreak.com\/wp-content\/uploads\/2021\/07\/MG_8544-1-16x9-1.jpg?fit=1600%2C900&ssl=1","contentUrl":"https:\/\/i0.wp.com\/blog.formenterabreak.com\/wp-content\/uploads\/2021\/07\/MG_8544-1-16x9-1.jpg?fit=1600%2C900&ssl=1","width":1600,"height":900},{"@type":"BreadcrumbList","@id":"https:\/\/blog.formenterabreak.com\/it\/formentera-it\/piani-a-formenetra\/atardeceres-en-formentera\/#breadcrumb","itemListElement":[{"@type":"ListItem","position":1,"name":"Portada","item":"https:\/\/blog.formenterabreak.com\/"},{"@type":"ListItem","position":2,"name":"Tramonti a Formentera"}]},{"@type":"WebSite","@id":"https:\/\/blog.formenterabreak.com\/#website","url":"https:\/\/blog.formenterabreak.com\/","name":"Formentera en Blog","description":"Formentera en Blog by Formentera Break","publisher":{"@id":"https:\/\/blog.formenterabreak.com\/#organization"},"alternateName":"Formentera en Blog","potentialAction":[{"@type":"SearchAction","target":{"@type":"EntryPoint","urlTemplate":"https:\/\/blog.formenterabreak.com\/?s={search_term_string}"},"query-input":{"@type":"PropertyValueSpecification","valueRequired":true,"valueName":"search_term_string"}}],"inLanguage":"it-IT"},{"@type":"Organization","@id":"https:\/\/blog.formenterabreak.com\/#organization","name":"Formentera Break","url":"https:\/\/blog.formenterabreak.com\/","logo":{"@type":"ImageObject","inLanguage":"it-IT","@id":"https:\/\/blog.formenterabreak.com\/#\/schema\/logo\/image\/","url":"https:\/\/i0.wp.com\/blog.formenterabreak.com\/wp-content\/uploads\/2021\/04\/logo.png?fit=485%2C136&ssl=1","contentUrl":"https:\/\/i0.wp.com\/blog.formenterabreak.com\/wp-content\/uploads\/2021\/04\/logo.png?fit=485%2C136&ssl=1","width":485,"height":136,"caption":"Formentera Break"},"image":{"@id":"https:\/\/blog.formenterabreak.com\/#\/schema\/logo\/image\/"},"sameAs":["https:\/\/www.facebook.com\/formenterabreak","https:\/\/www.instagram.com\/formenterabreak\/","https:\/\/www.tiktok.com\/@formentera.break"]},{"@type":"Person","@id":"https:\/\/blog.formenterabreak.com\/#\/schema\/person\/0cb261818cd2b72826c69277bf1e354b","name":"formenterabreak","image":{"@type":"ImageObject","inLanguage":"it-IT","@id":"https:\/\/secure.gravatar.com\/avatar\/737007e969e60568644f2a06dc1093d08be52ca7f05dde3c22818d2d63802a38?s=96&d=identicon&r=g","url":"https:\/\/secure.gravatar.com\/avatar\/737007e969e60568644f2a06dc1093d08be52ca7f05dde3c22818d2d63802a38?s=96&d=identicon&r=g","contentUrl":"https:\/\/secure.gravatar.com\/avatar\/737007e969e60568644f2a06dc1093d08be52ca7f05dde3c22818d2d63802a38?s=96&d=identicon&r=g","caption":"formenterabreak"},"sameAs":["http:\/\/formenterabreak.wordpress.com"],"url":"https:\/\/blog.formenterabreak.com\/it\/author\/formenterabreak\/"}]}},"jetpack_publicize_connections":[],"jetpack_likes_enabled":true,"jetpack_sharing_enabled":true,"jetpack_shortlink":"https:\/\/wp.me\/pd1o8i-zK","jetpack_featured_media_url":"https:\/\/i0.wp.com\/blog.formenterabreak.com\/wp-content\/uploads\/2021\/07\/MG_8544-1-16x9-1.jpg?fit=1600%2C900&ssl=1","_links":{"self":[{"href":"https:\/\/blog.formenterabreak.com\/it\/wp-json\/wp\/v2\/posts\/2216","targetHints":{"allow":["GET"]}}],"collection":[{"href":"https:\/\/blog.formenterabreak.com\/it\/wp-json\/wp\/v2\/posts"}],"about":[{"href":"https:\/\/blog.formenterabreak.com\/it\/wp-json\/wp\/v2\/types\/post"}],"author":[{"embeddable":true,"href":"https:\/\/blog.formenterabreak.com\/it\/wp-json\/wp\/v2\/users\/205492823"}],"replies":[{"embeddable":true,"href":"https:\/\/blog.formenterabreak.com\/it\/wp-json\/wp\/v2\/comments?post=2216"}],"version-history":[{"count":8,"href":"https:\/\/blog.formenterabreak.com\/it\/wp-json\/wp\/v2\/posts\/2216\/revisions"}],"predecessor-version":[{"id":2224,"href":"https:\/\/blog.formenterabreak.com\/it\/wp-json\/wp\/v2\/posts\/2216\/revisions\/2224"}],"wp:featuredmedia":[{"embeddable":true,"href":"https:\/\/blog.formenterabreak.com\/it\/wp-json\/wp\/v2\/media\/787"}],"wp:attachment":[{"href":"https:\/\/blog.formenterabreak.com\/it\/wp-json\/wp\/v2\/media?parent=2216"}],"wp:term":[{"taxonomy":"category","embeddable":true,"href":"https:\/\/blog.formenterabreak.com\/it\/wp-json\/wp\/v2\/categories?post=2216"},{"taxonomy":"post_tag","embeddable":true,"href":"https:\/\/blog.formenterabreak.com\/it\/wp-json\/wp\/v2\/tags?post=2216"}],"curies":[{"name":"wp","href":"https:\/\/api.w.org\/{rel}","templated":true}]}}