{"id":2429,"date":"2021-05-28T20:18:00","date_gmt":"2021-05-28T18:18:00","guid":{"rendered":"https:\/\/blog.formenterabreak.com\/non-categorizzato\/corsa-solidale-per-la-donna-2021\/"},"modified":"2022-04-05T13:47:43","modified_gmt":"2022-04-05T11:47:43","slug":"corsa-solidale-per-la-donna-2021","status":"publish","type":"post","link":"https:\/\/blog.formenterabreak.com\/it\/formentera-it\/corsa-solidale-per-la-donna-2021\/","title":{"rendered":"Corsa solidale per la donna  2021"},"content":{"rendered":"\n<h1 class=\"wp-block-heading\" id=\"block-0557f11d-8801-4aa3-b66b-6dabfe6deed3\"><strong>Ritorna la corsa solidale per le donne a Formentera!<\/strong><\/h1>\n\n<p class=\"wp-block-paragraph\" id=\"block-c190ec09-087f-4a6d-bb41-c2920360c052\">Da<strong><a href=\"https:\/\/www.formenterabreak.es\/\" target=\"_blank\" rel=\"noopener\"> Formentera Break<\/a><\/strong> cerchiamo sempre di avvicinarti ai migliori piani turistici, di svago o gastronomici dell&#8217;isola in modo che, durante la tua vacanza, non ti perda un briciolo della magia che offre Formentera. Naturalmente, ci\u00f2 include tenersi aggiornati su tutti gli eventi che si organizzano qui.<\/p>\n\n<p class=\"wp-block-paragraph\" id=\"block-b2d28e01-085f-46ba-8c8b-4bda9457621a\">E proprio oggi vi portiamo uno di quegli appuntamenti immancabili se avete intenzione di essere sull&#8217;isola. Uno di quelli in cui, oltre a divertirci e conoscere l&#8217;isola da un&#8217;altra prospettiva, potremo dare il nostro contributo per una causa molto importante.<\/p>\n\n<p class=\"wp-block-paragraph\" id=\"block-3aa791dc-f2f5-46ff-a789-757c6c00743f\">Cos\u00ec, domenica prossima 30 maggio, il centro nevralgico di Formentera, si tinge di rosa a sostegno della lotta contro il cancro nella settima edizione della <strong>Corsa di solidariet\u00e0 per le donne<\/strong>, un concorso pensato e creato per aiutare nelle indagini contro questa malattia. Ti diciamo tutto!<\/p>\n\n<h2 class=\"wp-block-heading\" id=\"block-b13a9210-1f41-4cd3-b171-5f181b6d947f\"><strong>Sport e solidarieta&#8217; vanno di pari passo a Formenetera<\/strong><\/h2>\n\n<p class=\"wp-block-paragraph\" id=\"block-906a806f-0872-4be2-9328-14b501a9b9a4\"><strong>Sant Francesc Xavier<\/strong>, la capitale di Formentera, diventer\u00e0 il punto di partenza di questa <strong>Cursa Solid\u00e0ria per a la Dona,<\/strong> che prender\u00e0 il via alle nove del mattino, per chi vorr\u00e0 completarla correndo, o alle 10:45 per chi preferisce fare il percorso passeggiando.<\/p>\n\n<p class=\"wp-block-paragraph\" id=\"block-5964b22c-001b-45e3-b2a4-f44a083e6d60\">Il giro \u00e8 semplice. Partenza da Plaza de la Constituci\u00f3n a Sant Francesc, arrivo a met\u00e0 strada a <strong>Can Marroig<\/strong> e ritorno al punto di partenza per completare il totale di otto chilometri di lunghezza che questo<strong> concorso annuale di solidariet\u00e0<\/strong> a Formentera ha quest&#8217;anno.<\/p>\n\n<p class=\"wp-block-paragraph\" id=\"block-5da3112b-3825-4f66-931d-874b0cd47de2\">Sia come sia, correre, fare jogging o camminare, in questi giorni hanno un obiettivo chiaro:<strong> sostenere la ricerca e la lotta contro il cancro<\/strong> e la cui raccolta fondi sar\u00e0 interamente devoluta all&#8217;<strong>AECC (Associazione Spagnola Contro il Cancro) <\/strong>Volete\u00a0 partecipare con noi?<\/p>\n\n<div class=\"wp-block-image\"><figure class=\"aligncenter size-large\"><img data-recalc-dims=\"1\" loading=\"lazy\" decoding=\"async\" width=\"724\" height=\"1024\" src=\"https:\/\/i0.wp.com\/blog.formenterabreak.com\/wp-content\/uploads\/2021\/06\/CURSA-DONA-21-XARXES.jpg?resize=724%2C1024&#038;ssl=1\" alt=\"\" class=\"wp-image-555\" srcset=\"https:\/\/i0.wp.com\/blog.formenterabreak.com\/wp-content\/uploads\/2021\/06\/CURSA-DONA-21-XARXES.jpg?resize=724%2C1024&amp;ssl=1 724w, https:\/\/i0.wp.com\/blog.formenterabreak.com\/wp-content\/uploads\/2021\/06\/CURSA-DONA-21-XARXES.jpg?resize=212%2C300&amp;ssl=1 212w, https:\/\/i0.wp.com\/blog.formenterabreak.com\/wp-content\/uploads\/2021\/06\/CURSA-DONA-21-XARXES.jpg?resize=768%2C1086&amp;ssl=1 768w, https:\/\/i0.wp.com\/blog.formenterabreak.com\/wp-content\/uploads\/2021\/06\/CURSA-DONA-21-XARXES.jpg?resize=1086%2C1536&amp;ssl=1 1086w, https:\/\/i0.wp.com\/blog.formenterabreak.com\/wp-content\/uploads\/2021\/06\/CURSA-DONA-21-XARXES.jpg?resize=1448%2C2048&amp;ssl=1 1448w, https:\/\/i0.wp.com\/blog.formenterabreak.com\/wp-content\/uploads\/2021\/06\/CURSA-DONA-21-XARXES.jpg?resize=1200%2C1697&amp;ssl=1 1200w, https:\/\/i0.wp.com\/blog.formenterabreak.com\/wp-content\/uploads\/2021\/06\/CURSA-DONA-21-XARXES.jpg?w=1500&amp;ssl=1 1500w\" sizes=\"auto, (max-width: 724px) 100vw, 724px\" \/><\/figure><\/div>\n\n<h2 class=\"wp-block-heading\" id=\"block-11426a17-2b93-46cf-9c91-63b35e9d6470\"><strong>Cosa dovremmo tenere in considerazione quando partecipiamo<\/strong><\/h2>\n\n<p class=\"wp-block-paragraph\" id=\"block-a797035b-2de1-4c2f-8610-b62f530742ce\">L&#8217;iscrizione alla <strong>Corsa di Solidariet\u00e0 per le Donne<\/strong> \u00e8 di soli 10 euro, recandosi alla reception del <strong><a href=\"http:\/\/conselldeformentera.cat\/index.php?option=com_content&amp;amp\" target=\"_blank\" rel=\"noopener\">Centro Sportivo Atoni Blanc<\/a><\/strong> negli orari di servizio pubblico ed effettuando il pagamento con carta di credito. Inoltre, ad ogni iscritto verr\u00e0 fornita una maglia e un numero che dovranno essere indossati all&#8217;evento sportivo.<\/p>\n\n<p class=\"wp-block-paragraph\" id=\"block-686252c0-489f-4c11-97b2-ff160bd4e9cd\">A differenza di altri anni in cui i posti erano illimitati, vista la situazione straordinaria in cui viviamo, questo 2021 ci sar\u00e0 un limite di partecipanti al concorso di solidariet\u00e0. Nello specifico un totale di 150 per la gara e altri 150 per chi completa il percorso a piedi.<\/p>\n\n<p class=\"wp-block-paragraph\" id=\"block-f2881fc0-629a-41e7-858a-5085a022becc\">Certo, una buona notizia, se a qualcuno di voi \u00e8 rimasto il desiderio di partecipare, o perch\u00e9 la capienza \u00e8 stata completata o per l&#8217;impossibilit\u00e0 di partecipare, ma volete anche contribuire con la vostra parte per l&#8217;AECC, potete acquistare il <strong>numero di solidariet\u00e0<\/strong> come simbolo per sostenere la causa.<\/p>\n\n<h2 class=\"wp-block-heading\" id=\"block-4c0741a1-2f9b-40ce-b546-29371445b58b\"><strong>Tutti sono i benvenuti qui!<\/strong><\/h2>\n\n<p class=\"wp-block-paragraph\" id=\"block-9a67eee7-602a-4b8b-96c1-cad90e59c2d9\">E, non credete che questa gara sia riservata solo ad atleti abituati a fare maratone, qui c&#8217;\u00e8 spazio per chiunque voglia partecipare in un ambiente sano, con una cornice incomparabile come quella di Formentera e, inoltre, provare la doppia soddisfazione che ci\u00f2 comporta praticare alcuni sport all&#8217;aria aperta (link a post sport d&#8217;avventura a Formentera) e sostenere una causa tanto necessaria.<\/p>\n\n<p class=\"wp-block-paragraph\" id=\"block-2552e7c4-e69c-45a0-8a01-5552a9c7b4f6\">Uomini, donne, bambini e persino cani! Tutti hanno un posto in questa iniziativa di <strong>raccolta fondi<\/strong> che, negli ultimi sette anni, ha aggiunto sempre pi\u00f9 follower, arrivando a superare i 400 partecipanti. Infatti, la<strong> Corsa di Solidariet\u00e0<\/strong> per le Donne a Formentera si svolge solitamente in concomitanza con <strong>l&#8217;8 marzo,<\/strong> <strong>Giornata Internazionale della Donna.<\/strong><\/p>\n\n<p class=\"wp-block-paragraph\" id=\"block-f5a7d7de-274e-49f2-8622-2d502d85c06e\">Quest&#8217;anno, a causa delle circostanze, si \u00e8 dovuto posticipare a questa domenica 30 maggio. Certo, non \u00e8 mai troppo tardi. Questa nuova edizione del 2021 \u00e8 qui e la stiamo portando avanti con pi\u00f9 forza che mai, ti unirai a noi?<\/p>\n\n<p class=\"wp-block-paragraph\">\u00a0<\/p>\n","protected":false},"excerpt":{"rendered":"<p>Ritorna la corsa solidale per le donne a Formentera! Da Formentera Break cerchiamo sempre di avvicinarti ai migliori piani turistici, di svago o gastronomici dell&#8217;isola in modo che, durante la tua vacanza, non ti perda un briciolo della magia che offre Formentera. Naturalmente, ci\u00f2 include tenersi aggiornati su tutti gli eventi che si organizzano qui. [&hellip;]<\/p>\n","protected":false},"author":205492823,"featured_media":781,"comment_status":"open","ping_status":"open","sticky":false,"template":"","format":"standard","meta":{"_coblocks_attr":"","_coblocks_dimensions":"","_coblocks_responsive_height":"","_coblocks_accordion_ie_support":"","_crdt_document":"","ocean_post_layout":"","ocean_both_sidebars_style":"","ocean_both_sidebars_content_width":0,"ocean_both_sidebars_sidebars_width":0,"ocean_sidebar":"0","ocean_second_sidebar":"0","ocean_disable_margins":"enable","ocean_add_body_class":"","ocean_shortcode_before_top_bar":"","ocean_shortcode_after_top_bar":"","ocean_shortcode_before_header":"","ocean_shortcode_after_header":"","ocean_has_shortcode":"","ocean_shortcode_after_title":"","ocean_shortcode_before_footer_widgets":"","ocean_shortcode_after_footer_widgets":"","ocean_shortcode_before_footer_bottom":"","ocean_shortcode_after_footer_bottom":"","ocean_display_top_bar":"default","ocean_display_header":"default","ocean_header_style":"","ocean_center_header_left_menu":"0","ocean_custom_header_template":"0","ocean_custom_logo":0,"ocean_custom_retina_logo":0,"ocean_custom_logo_max_width":0,"ocean_custom_logo_tablet_max_width":0,"ocean_custom_logo_mobile_max_width":0,"ocean_custom_logo_max_height":0,"ocean_custom_logo_tablet_max_height":0,"ocean_custom_logo_mobile_max_height":0,"ocean_header_custom_menu":"0","ocean_menu_typo_font_family":"0","ocean_menu_typo_font_subset":"","ocean_menu_typo_font_size":0,"ocean_menu_typo_font_size_tablet":0,"ocean_menu_typo_font_size_mobile":0,"ocean_menu_typo_font_size_unit":"px","ocean_menu_typo_font_weight":"","ocean_menu_typo_font_weight_tablet":"","ocean_menu_typo_font_weight_mobile":"","ocean_menu_typo_transform":"","ocean_menu_typo_transform_tablet":"","ocean_menu_typo_transform_mobile":"","ocean_menu_typo_line_height":0,"ocean_menu_typo_line_height_tablet":0,"ocean_menu_typo_line_height_mobile":0,"ocean_menu_typo_line_height_unit":"","ocean_menu_typo_spacing":0,"ocean_menu_typo_spacing_tablet":0,"ocean_menu_typo_spacing_mobile":0,"ocean_menu_typo_spacing_unit":"","ocean_menu_link_color":"","ocean_menu_link_color_hover":"","ocean_menu_link_color_active":"","ocean_menu_link_background":"","ocean_menu_link_hover_background":"","ocean_menu_link_active_background":"","ocean_menu_social_links_bg":"","ocean_menu_social_hover_links_bg":"","ocean_menu_social_links_color":"","ocean_menu_social_hover_links_color":"","ocean_disable_title":"default","ocean_disable_heading":"default","ocean_post_title":"","ocean_post_subheading":"","ocean_post_title_style":"","ocean_post_title_background_color":"","ocean_post_title_background":0,"ocean_post_title_bg_image_position":"","ocean_post_title_bg_image_attachment":"","ocean_post_title_bg_image_repeat":"","ocean_post_title_bg_image_size":"","ocean_post_title_height":0,"ocean_post_title_bg_overlay":0.5,"ocean_post_title_bg_overlay_color":"","ocean_disable_breadcrumbs":"default","ocean_breadcrumbs_color":"","ocean_breadcrumbs_separator_color":"","ocean_breadcrumbs_links_color":"","ocean_breadcrumbs_links_hover_color":"","ocean_display_footer_widgets":"default","ocean_display_footer_bottom":"default","ocean_custom_footer_template":"0","_jetpack_newsletter_access":"","_jetpack_dont_email_post_to_subs":false,"_jetpack_newsletter_tier_id":0,"_jetpack_memberships_contains_paywalled_content":false,"_jetpack_memberships_contains_paid_content":false,"ocean_post_oembed":"","ocean_post_self_hosted_media":"","ocean_post_video_embed":"","ocean_link_format":"","ocean_link_format_target":"self","ocean_quote_format":"","ocean_quote_format_link":"post","ocean_gallery_link_images":"on","ocean_gallery_id":[],"footnotes":"","jetpack_publicize_message":"","jetpack_publicize_feature_enabled":true,"jetpack_social_post_already_shared":true,"jetpack_social_options":{"image_generator_settings":{"template":"highway","default_image_id":0,"font":"","enabled":false},"version":2},"_wpas_customize_per_network":false,"jetpack_post_was_ever_published":false},"categories":[122141,122124],"tags":[122362,122365,122364,122366,122363,122367],"class_list":["post-2429","post","type-post","status-publish","format-standard","has-post-thumbnail","hentry","category-eventi","category-formentera-it","tag-aecc-it","tag-competizione-solidale","tag-corsa-solidale-per-la-donna","tag-corsa-solidale-per-le-donne-2021","tag-raccolta-fondi","tag-ricerca-contro-il-cancro","entry","has-media"],"yoast_head":"<!-- This site is optimized with the Yoast SEO plugin v27.4 - https:\/\/yoast.com\/product\/yoast-seo-wordpress\/ -->\n<title>Gara di solidariet\u00e0 per le donne 2021 | Formentera Break<\/title>\n<meta name=\"description\" content=\"Sport e solidariet\u00e0? S\u00ec! Vi raccontiamo i dettagli della Corsa di Solidariet\u00e0 al femminile a Formentera, a favore dell&#039;AECC. Vi iscrivete?\" \/>\n<meta name=\"robots\" content=\"index, follow, max-snippet:-1, max-image-preview:large, max-video-preview:-1\" \/>\n<link rel=\"canonical\" href=\"https:\/\/blog.formenterabreak.com\/it\/formentera-it\/corsa-solidale-per-la-donna-2021\/\" \/>\n<meta property=\"og:locale\" content=\"it_IT\" \/>\n<meta property=\"og:type\" content=\"article\" \/>\n<meta property=\"og:title\" content=\"Gara di solidariet\u00e0 per le donne 2021 | Formentera Break\" \/>\n<meta property=\"og:description\" content=\"Sport e solidariet\u00e0? S\u00ec! Vi raccontiamo i dettagli della Corsa di Solidariet\u00e0 al femminile a Formentera, a favore dell&#039;AECC. Vi iscrivete?\" \/>\n<meta property=\"og:url\" content=\"https:\/\/blog.formenterabreak.com\/it\/formentera-it\/corsa-solidale-per-la-donna-2021\/\" \/>\n<meta property=\"og:site_name\" content=\"Formentera en Blog\" \/>\n<meta property=\"article:publisher\" content=\"https:\/\/www.facebook.com\/formenterabreak\" \/>\n<meta property=\"article:published_time\" content=\"2021-05-28T18:18:00+00:00\" \/>\n<meta property=\"article:modified_time\" content=\"2022-04-05T11:47:43+00:00\" \/>\n<meta property=\"og:image\" content=\"https:\/\/blog.formenterabreak.com\/wp-content\/uploads\/2021\/07\/MG_0517-16x9-1.jpg\" \/>\n\t<meta property=\"og:image:width\" content=\"1600\" \/>\n\t<meta property=\"og:image:height\" content=\"900\" \/>\n\t<meta property=\"og:image:type\" content=\"image\/jpeg\" \/>\n<meta name=\"author\" content=\"formenterabreak\" \/>\n<meta name=\"twitter:card\" content=\"summary_large_image\" \/>\n<meta name=\"twitter:label1\" content=\"Scritto da\" \/>\n\t<meta name=\"twitter:data1\" content=\"formenterabreak\" \/>\n\t<meta name=\"twitter:label2\" content=\"Tempo di lettura stimato\" \/>\n\t<meta name=\"twitter:data2\" content=\"3 minuti\" \/>\n<script type=\"application\/ld+json\" class=\"yoast-schema-graph\">{\"@context\":\"https:\\\/\\\/schema.org\",\"@graph\":[{\"@type\":\"Article\",\"@id\":\"https:\\\/\\\/blog.formenterabreak.com\\\/it\\\/formentera-it\\\/corsa-solidale-per-la-donna-2021\\\/#article\",\"isPartOf\":{\"@id\":\"https:\\\/\\\/blog.formenterabreak.com\\\/it\\\/formentera-it\\\/corsa-solidale-per-la-donna-2021\\\/\"},\"author\":{\"name\":\"formenterabreak\",\"@id\":\"https:\\\/\\\/blog.formenterabreak.com\\\/#\\\/schema\\\/person\\\/0cb261818cd2b72826c69277bf1e354b\"},\"headline\":\"Corsa solidale per la donna 2021\",\"datePublished\":\"2021-05-28T18:18:00+00:00\",\"dateModified\":\"2022-04-05T11:47:43+00:00\",\"mainEntityOfPage\":{\"@id\":\"https:\\\/\\\/blog.formenterabreak.com\\\/it\\\/formentera-it\\\/corsa-solidale-per-la-donna-2021\\\/\"},\"wordCount\":601,\"commentCount\":0,\"publisher\":{\"@id\":\"https:\\\/\\\/blog.formenterabreak.com\\\/#organization\"},\"image\":{\"@id\":\"https:\\\/\\\/blog.formenterabreak.com\\\/it\\\/formentera-it\\\/corsa-solidale-per-la-donna-2021\\\/#primaryimage\"},\"thumbnailUrl\":\"https:\\\/\\\/i0.wp.com\\\/blog.formenterabreak.com\\\/wp-content\\\/uploads\\\/2021\\\/07\\\/MG_0517-16x9-1.jpg?fit=1600%2C900&ssl=1\",\"keywords\":[\"aecc\",\"competizione solidale\",\"corsa solidale per la donna\",\"corsa solidale per le donne 2021\",\"raccolta fondi\",\"ricerca contro il cancro\"],\"articleSection\":[\"Eventi\",\"Formentera\"],\"inLanguage\":\"it-IT\",\"potentialAction\":[{\"@type\":\"CommentAction\",\"name\":\"Comment\",\"target\":[\"https:\\\/\\\/blog.formenterabreak.com\\\/it\\\/formentera-it\\\/corsa-solidale-per-la-donna-2021\\\/#respond\"]}]},{\"@type\":\"WebPage\",\"@id\":\"https:\\\/\\\/blog.formenterabreak.com\\\/it\\\/formentera-it\\\/corsa-solidale-per-la-donna-2021\\\/\",\"url\":\"https:\\\/\\\/blog.formenterabreak.com\\\/it\\\/formentera-it\\\/corsa-solidale-per-la-donna-2021\\\/\",\"name\":\"Gara di solidariet\u00e0 per le donne 2021 | Formentera Break\",\"isPartOf\":{\"@id\":\"https:\\\/\\\/blog.formenterabreak.com\\\/#website\"},\"primaryImageOfPage\":{\"@id\":\"https:\\\/\\\/blog.formenterabreak.com\\\/it\\\/formentera-it\\\/corsa-solidale-per-la-donna-2021\\\/#primaryimage\"},\"image\":{\"@id\":\"https:\\\/\\\/blog.formenterabreak.com\\\/it\\\/formentera-it\\\/corsa-solidale-per-la-donna-2021\\\/#primaryimage\"},\"thumbnailUrl\":\"https:\\\/\\\/i0.wp.com\\\/blog.formenterabreak.com\\\/wp-content\\\/uploads\\\/2021\\\/07\\\/MG_0517-16x9-1.jpg?fit=1600%2C900&ssl=1\",\"datePublished\":\"2021-05-28T18:18:00+00:00\",\"dateModified\":\"2022-04-05T11:47:43+00:00\",\"description\":\"Sport e solidariet\u00e0? S\u00ec! Vi raccontiamo i dettagli della Corsa di Solidariet\u00e0 al femminile a Formentera, a favore dell'AECC. Vi iscrivete?\",\"breadcrumb\":{\"@id\":\"https:\\\/\\\/blog.formenterabreak.com\\\/it\\\/formentera-it\\\/corsa-solidale-per-la-donna-2021\\\/#breadcrumb\"},\"inLanguage\":\"it-IT\",\"potentialAction\":[{\"@type\":\"ReadAction\",\"target\":[\"https:\\\/\\\/blog.formenterabreak.com\\\/it\\\/formentera-it\\\/corsa-solidale-per-la-donna-2021\\\/\"]}]},{\"@type\":\"ImageObject\",\"inLanguage\":\"it-IT\",\"@id\":\"https:\\\/\\\/blog.formenterabreak.com\\\/it\\\/formentera-it\\\/corsa-solidale-per-la-donna-2021\\\/#primaryimage\",\"url\":\"https:\\\/\\\/i0.wp.com\\\/blog.formenterabreak.com\\\/wp-content\\\/uploads\\\/2021\\\/07\\\/MG_0517-16x9-1.jpg?fit=1600%2C900&ssl=1\",\"contentUrl\":\"https:\\\/\\\/i0.wp.com\\\/blog.formenterabreak.com\\\/wp-content\\\/uploads\\\/2021\\\/07\\\/MG_0517-16x9-1.jpg?fit=1600%2C900&ssl=1\",\"width\":1600,\"height\":900},{\"@type\":\"BreadcrumbList\",\"@id\":\"https:\\\/\\\/blog.formenterabreak.com\\\/it\\\/formentera-it\\\/corsa-solidale-per-la-donna-2021\\\/#breadcrumb\",\"itemListElement\":[{\"@type\":\"ListItem\",\"position\":1,\"name\":\"Portada\",\"item\":\"https:\\\/\\\/blog.formenterabreak.com\\\/\"},{\"@type\":\"ListItem\",\"position\":2,\"name\":\"Corsa solidale per la donna 2021\"}]},{\"@type\":\"WebSite\",\"@id\":\"https:\\\/\\\/blog.formenterabreak.com\\\/#website\",\"url\":\"https:\\\/\\\/blog.formenterabreak.com\\\/\",\"name\":\"Formentera en Blog\",\"description\":\"Formentera en Blog by Formentera Break\",\"publisher\":{\"@id\":\"https:\\\/\\\/blog.formenterabreak.com\\\/#organization\"},\"alternateName\":\"Formentera en Blog\",\"potentialAction\":[{\"@type\":\"SearchAction\",\"target\":{\"@type\":\"EntryPoint\",\"urlTemplate\":\"https:\\\/\\\/blog.formenterabreak.com\\\/?s={search_term_string}\"},\"query-input\":{\"@type\":\"PropertyValueSpecification\",\"valueRequired\":true,\"valueName\":\"search_term_string\"}}],\"inLanguage\":\"it-IT\"},{\"@type\":\"Organization\",\"@id\":\"https:\\\/\\\/blog.formenterabreak.com\\\/#organization\",\"name\":\"Formentera Break\",\"url\":\"https:\\\/\\\/blog.formenterabreak.com\\\/\",\"logo\":{\"@type\":\"ImageObject\",\"inLanguage\":\"it-IT\",\"@id\":\"https:\\\/\\\/blog.formenterabreak.com\\\/#\\\/schema\\\/logo\\\/image\\\/\",\"url\":\"https:\\\/\\\/i0.wp.com\\\/blog.formenterabreak.com\\\/wp-content\\\/uploads\\\/2021\\\/04\\\/logo.png?fit=485%2C136&ssl=1\",\"contentUrl\":\"https:\\\/\\\/i0.wp.com\\\/blog.formenterabreak.com\\\/wp-content\\\/uploads\\\/2021\\\/04\\\/logo.png?fit=485%2C136&ssl=1\",\"width\":485,\"height\":136,\"caption\":\"Formentera Break\"},\"image\":{\"@id\":\"https:\\\/\\\/blog.formenterabreak.com\\\/#\\\/schema\\\/logo\\\/image\\\/\"},\"sameAs\":[\"https:\\\/\\\/www.facebook.com\\\/formenterabreak\",\"https:\\\/\\\/www.instagram.com\\\/formenterabreak\\\/\",\"https:\\\/\\\/www.tiktok.com\\\/@formentera.break\"]},{\"@type\":\"Person\",\"@id\":\"https:\\\/\\\/blog.formenterabreak.com\\\/#\\\/schema\\\/person\\\/0cb261818cd2b72826c69277bf1e354b\",\"name\":\"formenterabreak\",\"image\":{\"@type\":\"ImageObject\",\"inLanguage\":\"it-IT\",\"@id\":\"https:\\\/\\\/secure.gravatar.com\\\/avatar\\\/737007e969e60568644f2a06dc1093d08be52ca7f05dde3c22818d2d63802a38?s=96&d=identicon&r=g\",\"url\":\"https:\\\/\\\/secure.gravatar.com\\\/avatar\\\/737007e969e60568644f2a06dc1093d08be52ca7f05dde3c22818d2d63802a38?s=96&d=identicon&r=g\",\"contentUrl\":\"https:\\\/\\\/secure.gravatar.com\\\/avatar\\\/737007e969e60568644f2a06dc1093d08be52ca7f05dde3c22818d2d63802a38?s=96&d=identicon&r=g\",\"caption\":\"formenterabreak\"},\"sameAs\":[\"http:\\\/\\\/formenterabreak.wordpress.com\"],\"url\":\"https:\\\/\\\/blog.formenterabreak.com\\\/it\\\/author\\\/formenterabreak\\\/\"}]}<\/script>\n<!-- \/ Yoast SEO plugin. -->","yoast_head_json":{"title":"Gara di solidariet\u00e0 per le donne 2021 | Formentera Break","description":"Sport e solidariet\u00e0? S\u00ec! Vi raccontiamo i dettagli della Corsa di Solidariet\u00e0 al femminile a Formentera, a favore dell'AECC. Vi iscrivete?","robots":{"index":"index","follow":"follow","max-snippet":"max-snippet:-1","max-image-preview":"max-image-preview:large","max-video-preview":"max-video-preview:-1"},"canonical":"https:\/\/blog.formenterabreak.com\/it\/formentera-it\/corsa-solidale-per-la-donna-2021\/","og_locale":"it_IT","og_type":"article","og_title":"Gara di solidariet\u00e0 per le donne 2021 | Formentera Break","og_description":"Sport e solidariet\u00e0? S\u00ec! Vi raccontiamo i dettagli della Corsa di Solidariet\u00e0 al femminile a Formentera, a favore dell'AECC. Vi iscrivete?","og_url":"https:\/\/blog.formenterabreak.com\/it\/formentera-it\/corsa-solidale-per-la-donna-2021\/","og_site_name":"Formentera en Blog","article_publisher":"https:\/\/www.facebook.com\/formenterabreak","article_published_time":"2021-05-28T18:18:00+00:00","article_modified_time":"2022-04-05T11:47:43+00:00","og_image":[{"width":1600,"height":900,"url":"https:\/\/blog.formenterabreak.com\/wp-content\/uploads\/2021\/07\/MG_0517-16x9-1.jpg","type":"image\/jpeg"}],"author":"formenterabreak","twitter_card":"summary_large_image","twitter_misc":{"Scritto da":"formenterabreak","Tempo di lettura stimato":"3 minuti"},"schema":{"@context":"https:\/\/schema.org","@graph":[{"@type":"Article","@id":"https:\/\/blog.formenterabreak.com\/it\/formentera-it\/corsa-solidale-per-la-donna-2021\/#article","isPartOf":{"@id":"https:\/\/blog.formenterabreak.com\/it\/formentera-it\/corsa-solidale-per-la-donna-2021\/"},"author":{"name":"formenterabreak","@id":"https:\/\/blog.formenterabreak.com\/#\/schema\/person\/0cb261818cd2b72826c69277bf1e354b"},"headline":"Corsa solidale per la donna 2021","datePublished":"2021-05-28T18:18:00+00:00","dateModified":"2022-04-05T11:47:43+00:00","mainEntityOfPage":{"@id":"https:\/\/blog.formenterabreak.com\/it\/formentera-it\/corsa-solidale-per-la-donna-2021\/"},"wordCount":601,"commentCount":0,"publisher":{"@id":"https:\/\/blog.formenterabreak.com\/#organization"},"image":{"@id":"https:\/\/blog.formenterabreak.com\/it\/formentera-it\/corsa-solidale-per-la-donna-2021\/#primaryimage"},"thumbnailUrl":"https:\/\/i0.wp.com\/blog.formenterabreak.com\/wp-content\/uploads\/2021\/07\/MG_0517-16x9-1.jpg?fit=1600%2C900&ssl=1","keywords":["aecc","competizione solidale","corsa solidale per la donna","corsa solidale per le donne 2021","raccolta fondi","ricerca contro il cancro"],"articleSection":["Eventi","Formentera"],"inLanguage":"it-IT","potentialAction":[{"@type":"CommentAction","name":"Comment","target":["https:\/\/blog.formenterabreak.com\/it\/formentera-it\/corsa-solidale-per-la-donna-2021\/#respond"]}]},{"@type":"WebPage","@id":"https:\/\/blog.formenterabreak.com\/it\/formentera-it\/corsa-solidale-per-la-donna-2021\/","url":"https:\/\/blog.formenterabreak.com\/it\/formentera-it\/corsa-solidale-per-la-donna-2021\/","name":"Gara di solidariet\u00e0 per le donne 2021 | Formentera Break","isPartOf":{"@id":"https:\/\/blog.formenterabreak.com\/#website"},"primaryImageOfPage":{"@id":"https:\/\/blog.formenterabreak.com\/it\/formentera-it\/corsa-solidale-per-la-donna-2021\/#primaryimage"},"image":{"@id":"https:\/\/blog.formenterabreak.com\/it\/formentera-it\/corsa-solidale-per-la-donna-2021\/#primaryimage"},"thumbnailUrl":"https:\/\/i0.wp.com\/blog.formenterabreak.com\/wp-content\/uploads\/2021\/07\/MG_0517-16x9-1.jpg?fit=1600%2C900&ssl=1","datePublished":"2021-05-28T18:18:00+00:00","dateModified":"2022-04-05T11:47:43+00:00","description":"Sport e solidariet\u00e0? S\u00ec! Vi raccontiamo i dettagli della Corsa di Solidariet\u00e0 al femminile a Formentera, a favore dell'AECC. Vi iscrivete?","breadcrumb":{"@id":"https:\/\/blog.formenterabreak.com\/it\/formentera-it\/corsa-solidale-per-la-donna-2021\/#breadcrumb"},"inLanguage":"it-IT","potentialAction":[{"@type":"ReadAction","target":["https:\/\/blog.formenterabreak.com\/it\/formentera-it\/corsa-solidale-per-la-donna-2021\/"]}]},{"@type":"ImageObject","inLanguage":"it-IT","@id":"https:\/\/blog.formenterabreak.com\/it\/formentera-it\/corsa-solidale-per-la-donna-2021\/#primaryimage","url":"https:\/\/i0.wp.com\/blog.formenterabreak.com\/wp-content\/uploads\/2021\/07\/MG_0517-16x9-1.jpg?fit=1600%2C900&ssl=1","contentUrl":"https:\/\/i0.wp.com\/blog.formenterabreak.com\/wp-content\/uploads\/2021\/07\/MG_0517-16x9-1.jpg?fit=1600%2C900&ssl=1","width":1600,"height":900},{"@type":"BreadcrumbList","@id":"https:\/\/blog.formenterabreak.com\/it\/formentera-it\/corsa-solidale-per-la-donna-2021\/#breadcrumb","itemListElement":[{"@type":"ListItem","position":1,"name":"Portada","item":"https:\/\/blog.formenterabreak.com\/"},{"@type":"ListItem","position":2,"name":"Corsa solidale per la donna 2021"}]},{"@type":"WebSite","@id":"https:\/\/blog.formenterabreak.com\/#website","url":"https:\/\/blog.formenterabreak.com\/","name":"Formentera en Blog","description":"Formentera en Blog by Formentera Break","publisher":{"@id":"https:\/\/blog.formenterabreak.com\/#organization"},"alternateName":"Formentera en Blog","potentialAction":[{"@type":"SearchAction","target":{"@type":"EntryPoint","urlTemplate":"https:\/\/blog.formenterabreak.com\/?s={search_term_string}"},"query-input":{"@type":"PropertyValueSpecification","valueRequired":true,"valueName":"search_term_string"}}],"inLanguage":"it-IT"},{"@type":"Organization","@id":"https:\/\/blog.formenterabreak.com\/#organization","name":"Formentera Break","url":"https:\/\/blog.formenterabreak.com\/","logo":{"@type":"ImageObject","inLanguage":"it-IT","@id":"https:\/\/blog.formenterabreak.com\/#\/schema\/logo\/image\/","url":"https:\/\/i0.wp.com\/blog.formenterabreak.com\/wp-content\/uploads\/2021\/04\/logo.png?fit=485%2C136&ssl=1","contentUrl":"https:\/\/i0.wp.com\/blog.formenterabreak.com\/wp-content\/uploads\/2021\/04\/logo.png?fit=485%2C136&ssl=1","width":485,"height":136,"caption":"Formentera Break"},"image":{"@id":"https:\/\/blog.formenterabreak.com\/#\/schema\/logo\/image\/"},"sameAs":["https:\/\/www.facebook.com\/formenterabreak","https:\/\/www.instagram.com\/formenterabreak\/","https:\/\/www.tiktok.com\/@formentera.break"]},{"@type":"Person","@id":"https:\/\/blog.formenterabreak.com\/#\/schema\/person\/0cb261818cd2b72826c69277bf1e354b","name":"formenterabreak","image":{"@type":"ImageObject","inLanguage":"it-IT","@id":"https:\/\/secure.gravatar.com\/avatar\/737007e969e60568644f2a06dc1093d08be52ca7f05dde3c22818d2d63802a38?s=96&d=identicon&r=g","url":"https:\/\/secure.gravatar.com\/avatar\/737007e969e60568644f2a06dc1093d08be52ca7f05dde3c22818d2d63802a38?s=96&d=identicon&r=g","contentUrl":"https:\/\/secure.gravatar.com\/avatar\/737007e969e60568644f2a06dc1093d08be52ca7f05dde3c22818d2d63802a38?s=96&d=identicon&r=g","caption":"formenterabreak"},"sameAs":["http:\/\/formenterabreak.wordpress.com"],"url":"https:\/\/blog.formenterabreak.com\/it\/author\/formenterabreak\/"}]}},"jetpack_publicize_connections":[],"jetpack_featured_media_url":"https:\/\/i0.wp.com\/blog.formenterabreak.com\/wp-content\/uploads\/2021\/07\/MG_0517-16x9-1.jpg?fit=1600%2C900&ssl=1","jetpack_likes_enabled":true,"jetpack_sharing_enabled":true,"jetpack_shortlink":"https:\/\/wp.me\/pd1o8i-Db","_links":{"self":[{"href":"https:\/\/blog.formenterabreak.com\/it\/wp-json\/wp\/v2\/posts\/2429","targetHints":{"allow":["GET"]}}],"collection":[{"href":"https:\/\/blog.formenterabreak.com\/it\/wp-json\/wp\/v2\/posts"}],"about":[{"href":"https:\/\/blog.formenterabreak.com\/it\/wp-json\/wp\/v2\/types\/post"}],"author":[{"embeddable":true,"href":"https:\/\/blog.formenterabreak.com\/it\/wp-json\/wp\/v2\/users\/205492823"}],"replies":[{"embeddable":true,"href":"https:\/\/blog.formenterabreak.com\/it\/wp-json\/wp\/v2\/comments?post=2429"}],"version-history":[{"count":3,"href":"https:\/\/blog.formenterabreak.com\/it\/wp-json\/wp\/v2\/posts\/2429\/revisions"}],"predecessor-version":[{"id":2432,"href":"https:\/\/blog.formenterabreak.com\/it\/wp-json\/wp\/v2\/posts\/2429\/revisions\/2432"}],"wp:featuredmedia":[{"embeddable":true,"href":"https:\/\/blog.formenterabreak.com\/it\/wp-json\/wp\/v2\/media\/781"}],"wp:attachment":[{"href":"https:\/\/blog.formenterabreak.com\/it\/wp-json\/wp\/v2\/media?parent=2429"}],"wp:term":[{"taxonomy":"category","embeddable":true,"href":"https:\/\/blog.formenterabreak.com\/it\/wp-json\/wp\/v2\/categories?post=2429"},{"taxonomy":"post_tag","embeddable":true,"href":"https:\/\/blog.formenterabreak.com\/it\/wp-json\/wp\/v2\/tags?post=2429"}],"curies":[{"name":"wp","href":"https:\/\/api.w.org\/{rel}","templated":true}]}}