{"id":3926,"date":"2024-03-07T17:47:56","date_gmt":"2024-03-07T16:47:56","guid":{"rendered":"https:\/\/blog.formenterabreak.com\/?p=3926"},"modified":"2024-04-09T17:52:53","modified_gmt":"2024-04-09T15:52:53","slug":"i-3-mercatini-da-non-perdere-questestate-a-formentera","status":"publish","type":"post","link":"https:\/\/blog.formenterabreak.com\/it\/formentera-it\/i-3-mercatini-da-non-perdere-questestate-a-formentera\/","title":{"rendered":"I 3 mercatini da non perdere quest&#8217;estate a Formentera"},"content":{"rendered":"\n<p class=\"wp-block-paragraph\">Con l&#8217;arrivo del bel tempo, gli incantevoli mercatini artigianali di Formentera diventano tappe obbligate per i turisti e gli abitanti del luogo. \u00c8 stato fatto un notevole sforzo per preservare l&#8217;essenza dei mercatini hippy di Formentera, dando loro un tocco unico. In questo modo, questi mercati offrono un&#8217;alternativa alle spiagge dell&#8217;isola, distinguendosi per la loro dedizione nell&#8217;offrire prodotti originali e di alta qualit\u00e0.<\/p>\n\n\n\n<ol class=\"wp-block-list\">\n<li>Mercato delle pulci de La Mola<\/li>\n<\/ol>\n\n\n\n<p class=\"wp-block-paragraph\">Il <strong>mercato delle pulci de<\/strong> La <strong>Mola a Formentera<\/strong>, considerato il pi\u00f9 autentico e antico dell&#8217;isola, si distingue per l&#8217;impegno nella qualit\u00e0 dei prodotti e nella conservazione del suo spirito originale. Durante i suoi quasi 30 anni di attivit\u00e0, il mercato \u00e8 diventato un luogo emblematico dell&#8217;isola, attirando <strong>artigiani di fama internazionale<\/strong> per <strong>esporre le loro opere<\/strong>.<\/p>\n\n\n\n<p class=\"wp-block-paragraph\">I prodotti disponibili al mercatino coprono un&#8217;ampia variet\u00e0 di oggetti artigianali, realizzati con materiali come <strong>legno, ceramica, pietra, argento e vetro<\/strong>. Tra le opzioni disponibili ci sono le classiche lucertole, simbolo iconico dell&#8217;isola trasformato in ciondolo, ma anche statuette tradizionali, magliette con la silhouette dell&#8217;isola, quadri con immagini rappresentative e braccialetti di Formentera per chi ha inclinazioni pi\u00f9 hippie.<\/p>\n\n\n\n<p class=\"wp-block-paragraph\">La Fiera Artigianale de La Mola ha un orario accessibile al pubblico, aprendo le sue porte ogni mercoled\u00ec e domenica pomeriggio. Questa frequenza offre ai visitatori l&#8217;opportunit\u00e0 di esplorare il mercato in momenti diversi durante il loro soggiorno sull&#8217;isola, permettendo loro di scoprire nuovi tesori a ogni visita.<\/p>\n\n\n\n<p class=\"wp-block-paragraph\">2. Mercatino artistico di Sant Ferran<\/p>\n\n\n\n<p class=\"wp-block-paragraph\">Il <strong>Mercatino di Sant Ferran a Formentera <\/strong>si distingue come punto di riferimento per l&#8217;arte prodotta sull&#8217;isola, mantenendo la sua posizione come uno dei mercati pi\u00f9 autentici. Questo mercato \u00e8 specializzato nell&#8217;<strong>esposizione e nella vendita di disegni e dipinti<\/strong> che coprono praticamente tutte le tecniche artistiche, evidenziando la diversit\u00e0 creativa della comunit\u00e0 locale.<\/p>\n\n\n\n<p class=\"wp-block-paragraph\">Il mercato si distingue per l&#8217;autenticit\u00e0 dei suoi articoli, offrendo ai visitatori l&#8217;opportunit\u00e0 di acquistare pezzi unici e originali che riflettono la creativit\u00e0 degli artisti locali. Oltre alla vendita di articoli, il Mercato artistico di Sant Ferran organizza <strong>una serie di attivit\u00e0 durante i mesi di luglio, agosto e settembre<\/strong>. Queste attivit\u00e0 includono <strong>racconti, laboratori artistici, body painting, esibizioni di clown e proiezioni audiovisive<\/strong>, creando un&#8217;atmosfera vibrante e partecipativa.<\/p>\n\n\n\n<p class=\"wp-block-paragraph\">Con il suo impegno per l&#8217;originalit\u00e0 e la creativit\u00e0, il Mercato artistico di Sant Ferran di Formentera continua a essere uno spazio fondamentale per l&#8217;espressione artistica e il legame con l&#8217;autenticit\u00e0 dell&#8217;isola.<\/p>\n\n\n\n<p class=\"wp-block-paragraph\">3. Mercato di Sant Francesc<\/p>\n\n\n\n<p class=\"wp-block-paragraph\">Nel paese pi\u00f9 grande e senza dubbio uno dei pi\u00f9 belli dell&#8217;isola, Sant Francesc Xavier, si <strong>tiene ogni giorno<\/strong> il <strong>Mercato di Sant Francesc Xavier<\/strong>, dove i pi\u00f9 importanti artigiani dell&#8217;isola espongono le loro creazioni.<\/p>\n\n\n\n<p class=\"wp-block-paragraph\">Il mercato si svolge ogni mattina da maggio a ottobre e offre un&#8217;ampia variet\u00e0 di prodotti artigianali. Si pu\u00f2 trovare di tutto, dall&#8217;abbigliamento ai gioielli, oltre a oggetti unici che rispecchiano lo spirito dell&#8217;isola.<\/p>\n\n\n\n<p class=\"wp-block-paragraph\">La variet\u00e0 dei prodotti disponibili in questo mercato dell&#8217;usato contribuisce al suo fascino, in quanto i visitatori possono esplorare una vasta gamma di articoli con storie uniche.<\/p>\n\n\n\n<p class=\"wp-block-paragraph\">Se vuoi goderti i mercatini di Formentera quest&#8217;estate,<a href=\"https:\/\/formenterabreak.es\/\"> Formentera Break<\/a> pu\u00f2 aiutarti. Ti offriamo<a href=\"https:\/\/formenterabreak.es\/apartamentos\"> appartamenti<\/a>, alloggi turistici, case vacanze e<a href=\"https:\/\/formenterabreak.es\/hoteles\"> hotel<\/a> in quasi tutte le zone dell&#8217;isola che ti permetteranno di vivere al meglio Formentera. Cosa aspetti a prenotare?<\/p>\n","protected":false},"excerpt":{"rendered":"<p>Con l&#8217;arrivo del bel tempo, gli incantevoli mercatini artigianali di Formentera diventano tappe obbligate per i turisti e gli abitanti del luogo. \u00c8 stato fatto un notevole sforzo per preservare l&#8217;essenza dei mercatini hippy di Formentera, dando loro un tocco unico. In questo modo, questi mercati offrono un&#8217;alternativa alle spiagge dell&#8217;isola, distinguendosi per la loro [&hellip;]<\/p>\n","protected":false},"author":205492823,"featured_media":3924,"comment_status":"open","ping_status":"open","sticky":false,"template":"","format":"standard","meta":{"_coblocks_attr":"","_coblocks_dimensions":"","_coblocks_responsive_height":"","_coblocks_accordion_ie_support":"","_crdt_document":"","ocean_post_layout":"","ocean_both_sidebars_style":"","ocean_both_sidebars_content_width":0,"ocean_both_sidebars_sidebars_width":0,"ocean_sidebar":"","ocean_second_sidebar":"","ocean_disable_margins":"enable","ocean_add_body_class":"","ocean_shortcode_before_top_bar":"","ocean_shortcode_after_top_bar":"","ocean_shortcode_before_header":"","ocean_shortcode_after_header":"","ocean_has_shortcode":"","ocean_shortcode_after_title":"","ocean_shortcode_before_footer_widgets":"","ocean_shortcode_after_footer_widgets":"","ocean_shortcode_before_footer_bottom":"","ocean_shortcode_after_footer_bottom":"","ocean_display_top_bar":"default","ocean_display_header":"default","ocean_header_style":"","ocean_center_header_left_menu":"","ocean_custom_header_template":"","ocean_custom_logo":0,"ocean_custom_retina_logo":0,"ocean_custom_logo_max_width":0,"ocean_custom_logo_tablet_max_width":0,"ocean_custom_logo_mobile_max_width":0,"ocean_custom_logo_max_height":0,"ocean_custom_logo_tablet_max_height":0,"ocean_custom_logo_mobile_max_height":0,"ocean_header_custom_menu":"","ocean_menu_typo_font_family":"","ocean_menu_typo_font_subset":"","ocean_menu_typo_font_size":0,"ocean_menu_typo_font_size_tablet":0,"ocean_menu_typo_font_size_mobile":0,"ocean_menu_typo_font_size_unit":"px","ocean_menu_typo_font_weight":"","ocean_menu_typo_font_weight_tablet":"","ocean_menu_typo_font_weight_mobile":"","ocean_menu_typo_transform":"","ocean_menu_typo_transform_tablet":"","ocean_menu_typo_transform_mobile":"","ocean_menu_typo_line_height":0,"ocean_menu_typo_line_height_tablet":0,"ocean_menu_typo_line_height_mobile":0,"ocean_menu_typo_line_height_unit":"","ocean_menu_typo_spacing":0,"ocean_menu_typo_spacing_tablet":0,"ocean_menu_typo_spacing_mobile":0,"ocean_menu_typo_spacing_unit":"","ocean_menu_link_color":"","ocean_menu_link_color_hover":"","ocean_menu_link_color_active":"","ocean_menu_link_background":"","ocean_menu_link_hover_background":"","ocean_menu_link_active_background":"","ocean_menu_social_links_bg":"","ocean_menu_social_hover_links_bg":"","ocean_menu_social_links_color":"","ocean_menu_social_hover_links_color":"","ocean_disable_title":"default","ocean_disable_heading":"default","ocean_post_title":"","ocean_post_subheading":"","ocean_post_title_style":"","ocean_post_title_background_color":"","ocean_post_title_background":0,"ocean_post_title_bg_image_position":"","ocean_post_title_bg_image_attachment":"","ocean_post_title_bg_image_repeat":"","ocean_post_title_bg_image_size":"","ocean_post_title_height":0,"ocean_post_title_bg_overlay":0.5,"ocean_post_title_bg_overlay_color":"","ocean_disable_breadcrumbs":"default","ocean_breadcrumbs_color":"","ocean_breadcrumbs_separator_color":"","ocean_breadcrumbs_links_color":"","ocean_breadcrumbs_links_hover_color":"","ocean_display_footer_widgets":"default","ocean_display_footer_bottom":"default","ocean_custom_footer_template":"","_jetpack_newsletter_access":"","_jetpack_dont_email_post_to_subs":false,"_jetpack_newsletter_tier_id":0,"_jetpack_memberships_contains_paywalled_content":false,"_jetpack_memberships_contains_paid_content":false,"ocean_post_oembed":"","ocean_post_self_hosted_media":"","ocean_post_video_embed":"","ocean_link_format":"","ocean_link_format_target":"self","ocean_quote_format":"","ocean_quote_format_link":"post","ocean_gallery_link_images":"on","ocean_gallery_id":[],"footnotes":"","jetpack_publicize_message":"","jetpack_publicize_feature_enabled":true,"jetpack_social_post_already_shared":true,"jetpack_social_options":{"image_generator_settings":{"template":"highway","default_image_id":0,"font":"","enabled":false},"version":2},"_wpas_customize_per_network":false,"jetpack_post_was_ever_published":false},"categories":[122124],"tags":[],"class_list":["post-3926","post","type-post","status-publish","format-standard","has-post-thumbnail","hentry","category-formentera-it","entry","has-media"],"yoast_head":"<!-- This site is optimized with the Yoast SEO plugin v27.5 - https:\/\/yoast.com\/product\/yoast-seo-wordpress\/ -->\n<title>I 3 mercatini da non perdere quest&#039;estate a Formentera - Formentera en Blog<\/title>\n<meta name=\"robots\" content=\"index, follow, max-snippet:-1, max-image-preview:large, max-video-preview:-1\" \/>\n<link rel=\"canonical\" href=\"https:\/\/blog.formenterabreak.com\/it\/formentera-it\/i-3-mercatini-da-non-perdere-questestate-a-formentera\/\" \/>\n<meta property=\"og:locale\" content=\"it_IT\" \/>\n<meta property=\"og:type\" content=\"article\" \/>\n<meta property=\"og:title\" content=\"I 3 mercatini da non perdere quest&#039;estate a Formentera - Formentera en Blog\" \/>\n<meta property=\"og:description\" content=\"Con l&#8217;arrivo del bel tempo, gli incantevoli mercatini artigianali di Formentera diventano tappe obbligate per i turisti e gli abitanti del luogo. \u00c8 stato fatto un notevole sforzo per preservare l&#8217;essenza dei mercatini hippy di Formentera, dando loro un tocco unico. In questo modo, questi mercati offrono un&#8217;alternativa alle spiagge dell&#8217;isola, distinguendosi per la loro [&hellip;]\" \/>\n<meta property=\"og:url\" content=\"https:\/\/blog.formenterabreak.com\/it\/formentera-it\/i-3-mercatini-da-non-perdere-questestate-a-formentera\/\" \/>\n<meta property=\"og:site_name\" content=\"Formentera en Blog\" \/>\n<meta property=\"article:publisher\" content=\"https:\/\/www.facebook.com\/formenterabreak\" \/>\n<meta property=\"article:published_time\" content=\"2024-03-07T16:47:56+00:00\" \/>\n<meta property=\"article:modified_time\" content=\"2024-04-09T15:52:53+00:00\" \/>\n<meta property=\"og:image\" content=\"https:\/\/blog.formenterabreak.com\/wp-content\/uploads\/2024\/04\/shutterstock_2013079715.jpg\" \/>\n\t<meta property=\"og:image:width\" content=\"1000\" \/>\n\t<meta property=\"og:image:height\" content=\"668\" \/>\n\t<meta property=\"og:image:type\" content=\"image\/jpeg\" \/>\n<meta name=\"author\" content=\"formenterabreak\" \/>\n<meta name=\"twitter:card\" content=\"summary_large_image\" \/>\n<meta name=\"twitter:label1\" content=\"Scritto da\" \/>\n\t<meta name=\"twitter:data1\" content=\"formenterabreak\" \/>\n\t<meta name=\"twitter:label2\" content=\"Tempo di lettura stimato\" \/>\n\t<meta name=\"twitter:data2\" content=\"3 minuti\" \/>\n<script type=\"application\/ld+json\" class=\"yoast-schema-graph\">{\"@context\":\"https:\\\/\\\/schema.org\",\"@graph\":[{\"@type\":\"Article\",\"@id\":\"https:\\\/\\\/blog.formenterabreak.com\\\/it\\\/formentera-it\\\/i-3-mercatini-da-non-perdere-questestate-a-formentera\\\/#article\",\"isPartOf\":{\"@id\":\"https:\\\/\\\/blog.formenterabreak.com\\\/it\\\/formentera-it\\\/i-3-mercatini-da-non-perdere-questestate-a-formentera\\\/\"},\"author\":{\"name\":\"formenterabreak\",\"@id\":\"https:\\\/\\\/blog.formenterabreak.com\\\/#\\\/schema\\\/person\\\/0cb261818cd2b72826c69277bf1e354b\"},\"headline\":\"I 3 mercatini da non perdere quest&#8217;estate a Formentera\",\"datePublished\":\"2024-03-07T16:47:56+00:00\",\"dateModified\":\"2024-04-09T15:52:53+00:00\",\"mainEntityOfPage\":{\"@id\":\"https:\\\/\\\/blog.formenterabreak.com\\\/it\\\/formentera-it\\\/i-3-mercatini-da-non-perdere-questestate-a-formentera\\\/\"},\"wordCount\":567,\"commentCount\":0,\"publisher\":{\"@id\":\"https:\\\/\\\/blog.formenterabreak.com\\\/#organization\"},\"image\":{\"@id\":\"https:\\\/\\\/blog.formenterabreak.com\\\/it\\\/formentera-it\\\/i-3-mercatini-da-non-perdere-questestate-a-formentera\\\/#primaryimage\"},\"thumbnailUrl\":\"https:\\\/\\\/i0.wp.com\\\/blog.formenterabreak.com\\\/wp-content\\\/uploads\\\/2024\\\/04\\\/shutterstock_2013079715.jpg?fit=1000%2C668&ssl=1\",\"articleSection\":[\"Formentera\"],\"inLanguage\":\"it-IT\",\"potentialAction\":[{\"@type\":\"CommentAction\",\"name\":\"Comment\",\"target\":[\"https:\\\/\\\/blog.formenterabreak.com\\\/it\\\/formentera-it\\\/i-3-mercatini-da-non-perdere-questestate-a-formentera\\\/#respond\"]}]},{\"@type\":\"WebPage\",\"@id\":\"https:\\\/\\\/blog.formenterabreak.com\\\/it\\\/formentera-it\\\/i-3-mercatini-da-non-perdere-questestate-a-formentera\\\/\",\"url\":\"https:\\\/\\\/blog.formenterabreak.com\\\/it\\\/formentera-it\\\/i-3-mercatini-da-non-perdere-questestate-a-formentera\\\/\",\"name\":\"I 3 mercatini da non perdere quest'estate a Formentera - Formentera en Blog\",\"isPartOf\":{\"@id\":\"https:\\\/\\\/blog.formenterabreak.com\\\/#website\"},\"primaryImageOfPage\":{\"@id\":\"https:\\\/\\\/blog.formenterabreak.com\\\/it\\\/formentera-it\\\/i-3-mercatini-da-non-perdere-questestate-a-formentera\\\/#primaryimage\"},\"image\":{\"@id\":\"https:\\\/\\\/blog.formenterabreak.com\\\/it\\\/formentera-it\\\/i-3-mercatini-da-non-perdere-questestate-a-formentera\\\/#primaryimage\"},\"thumbnailUrl\":\"https:\\\/\\\/i0.wp.com\\\/blog.formenterabreak.com\\\/wp-content\\\/uploads\\\/2024\\\/04\\\/shutterstock_2013079715.jpg?fit=1000%2C668&ssl=1\",\"datePublished\":\"2024-03-07T16:47:56+00:00\",\"dateModified\":\"2024-04-09T15:52:53+00:00\",\"breadcrumb\":{\"@id\":\"https:\\\/\\\/blog.formenterabreak.com\\\/it\\\/formentera-it\\\/i-3-mercatini-da-non-perdere-questestate-a-formentera\\\/#breadcrumb\"},\"inLanguage\":\"it-IT\",\"potentialAction\":[{\"@type\":\"ReadAction\",\"target\":[\"https:\\\/\\\/blog.formenterabreak.com\\\/it\\\/formentera-it\\\/i-3-mercatini-da-non-perdere-questestate-a-formentera\\\/\"]}]},{\"@type\":\"ImageObject\",\"inLanguage\":\"it-IT\",\"@id\":\"https:\\\/\\\/blog.formenterabreak.com\\\/it\\\/formentera-it\\\/i-3-mercatini-da-non-perdere-questestate-a-formentera\\\/#primaryimage\",\"url\":\"https:\\\/\\\/i0.wp.com\\\/blog.formenterabreak.com\\\/wp-content\\\/uploads\\\/2024\\\/04\\\/shutterstock_2013079715.jpg?fit=1000%2C668&ssl=1\",\"contentUrl\":\"https:\\\/\\\/i0.wp.com\\\/blog.formenterabreak.com\\\/wp-content\\\/uploads\\\/2024\\\/04\\\/shutterstock_2013079715.jpg?fit=1000%2C668&ssl=1\",\"width\":1000,\"height\":668},{\"@type\":\"BreadcrumbList\",\"@id\":\"https:\\\/\\\/blog.formenterabreak.com\\\/it\\\/formentera-it\\\/i-3-mercatini-da-non-perdere-questestate-a-formentera\\\/#breadcrumb\",\"itemListElement\":[{\"@type\":\"ListItem\",\"position\":1,\"name\":\"Portada\",\"item\":\"https:\\\/\\\/blog.formenterabreak.com\\\/\"},{\"@type\":\"ListItem\",\"position\":2,\"name\":\"I 3 mercatini da non perdere quest&#8217;estate a Formentera\"}]},{\"@type\":\"WebSite\",\"@id\":\"https:\\\/\\\/blog.formenterabreak.com\\\/#website\",\"url\":\"https:\\\/\\\/blog.formenterabreak.com\\\/\",\"name\":\"Formentera en Blog\",\"description\":\"Formentera en Blog by Formentera Break\",\"publisher\":{\"@id\":\"https:\\\/\\\/blog.formenterabreak.com\\\/#organization\"},\"alternateName\":\"Formentera en Blog\",\"potentialAction\":[{\"@type\":\"SearchAction\",\"target\":{\"@type\":\"EntryPoint\",\"urlTemplate\":\"https:\\\/\\\/blog.formenterabreak.com\\\/?s={search_term_string}\"},\"query-input\":{\"@type\":\"PropertyValueSpecification\",\"valueRequired\":true,\"valueName\":\"search_term_string\"}}],\"inLanguage\":\"it-IT\"},{\"@type\":\"Organization\",\"@id\":\"https:\\\/\\\/blog.formenterabreak.com\\\/#organization\",\"name\":\"Formentera Break\",\"url\":\"https:\\\/\\\/blog.formenterabreak.com\\\/\",\"logo\":{\"@type\":\"ImageObject\",\"inLanguage\":\"it-IT\",\"@id\":\"https:\\\/\\\/blog.formenterabreak.com\\\/#\\\/schema\\\/logo\\\/image\\\/\",\"url\":\"https:\\\/\\\/i0.wp.com\\\/blog.formenterabreak.com\\\/wp-content\\\/uploads\\\/2021\\\/04\\\/logo.png?fit=485%2C136&ssl=1\",\"contentUrl\":\"https:\\\/\\\/i0.wp.com\\\/blog.formenterabreak.com\\\/wp-content\\\/uploads\\\/2021\\\/04\\\/logo.png?fit=485%2C136&ssl=1\",\"width\":485,\"height\":136,\"caption\":\"Formentera Break\"},\"image\":{\"@id\":\"https:\\\/\\\/blog.formenterabreak.com\\\/#\\\/schema\\\/logo\\\/image\\\/\"},\"sameAs\":[\"https:\\\/\\\/www.facebook.com\\\/formenterabreak\",\"https:\\\/\\\/www.instagram.com\\\/formenterabreak\\\/\",\"https:\\\/\\\/www.tiktok.com\\\/@formentera.break\"]},{\"@type\":\"Person\",\"@id\":\"https:\\\/\\\/blog.formenterabreak.com\\\/#\\\/schema\\\/person\\\/0cb261818cd2b72826c69277bf1e354b\",\"name\":\"formenterabreak\",\"image\":{\"@type\":\"ImageObject\",\"inLanguage\":\"it-IT\",\"@id\":\"https:\\\/\\\/secure.gravatar.com\\\/avatar\\\/737007e969e60568644f2a06dc1093d08be52ca7f05dde3c22818d2d63802a38?s=96&d=identicon&r=g\",\"url\":\"https:\\\/\\\/secure.gravatar.com\\\/avatar\\\/737007e969e60568644f2a06dc1093d08be52ca7f05dde3c22818d2d63802a38?s=96&d=identicon&r=g\",\"contentUrl\":\"https:\\\/\\\/secure.gravatar.com\\\/avatar\\\/737007e969e60568644f2a06dc1093d08be52ca7f05dde3c22818d2d63802a38?s=96&d=identicon&r=g\",\"caption\":\"formenterabreak\"},\"sameAs\":[\"http:\\\/\\\/formenterabreak.wordpress.com\"],\"url\":\"https:\\\/\\\/blog.formenterabreak.com\\\/it\\\/author\\\/formenterabreak\\\/\"}]}<\/script>\n<!-- \/ Yoast SEO plugin. -->","yoast_head_json":{"title":"I 3 mercatini da non perdere quest'estate a Formentera - Formentera en Blog","robots":{"index":"index","follow":"follow","max-snippet":"max-snippet:-1","max-image-preview":"max-image-preview:large","max-video-preview":"max-video-preview:-1"},"canonical":"https:\/\/blog.formenterabreak.com\/it\/formentera-it\/i-3-mercatini-da-non-perdere-questestate-a-formentera\/","og_locale":"it_IT","og_type":"article","og_title":"I 3 mercatini da non perdere quest'estate a Formentera - Formentera en Blog","og_description":"Con l&#8217;arrivo del bel tempo, gli incantevoli mercatini artigianali di Formentera diventano tappe obbligate per i turisti e gli abitanti del luogo. \u00c8 stato fatto un notevole sforzo per preservare l&#8217;essenza dei mercatini hippy di Formentera, dando loro un tocco unico. In questo modo, questi mercati offrono un&#8217;alternativa alle spiagge dell&#8217;isola, distinguendosi per la loro [&hellip;]","og_url":"https:\/\/blog.formenterabreak.com\/it\/formentera-it\/i-3-mercatini-da-non-perdere-questestate-a-formentera\/","og_site_name":"Formentera en Blog","article_publisher":"https:\/\/www.facebook.com\/formenterabreak","article_published_time":"2024-03-07T16:47:56+00:00","article_modified_time":"2024-04-09T15:52:53+00:00","og_image":[{"width":1000,"height":668,"url":"https:\/\/blog.formenterabreak.com\/wp-content\/uploads\/2024\/04\/shutterstock_2013079715.jpg","type":"image\/jpeg"}],"author":"formenterabreak","twitter_card":"summary_large_image","twitter_misc":{"Scritto da":"formenterabreak","Tempo di lettura stimato":"3 minuti"},"schema":{"@context":"https:\/\/schema.org","@graph":[{"@type":"Article","@id":"https:\/\/blog.formenterabreak.com\/it\/formentera-it\/i-3-mercatini-da-non-perdere-questestate-a-formentera\/#article","isPartOf":{"@id":"https:\/\/blog.formenterabreak.com\/it\/formentera-it\/i-3-mercatini-da-non-perdere-questestate-a-formentera\/"},"author":{"name":"formenterabreak","@id":"https:\/\/blog.formenterabreak.com\/#\/schema\/person\/0cb261818cd2b72826c69277bf1e354b"},"headline":"I 3 mercatini da non perdere quest&#8217;estate a Formentera","datePublished":"2024-03-07T16:47:56+00:00","dateModified":"2024-04-09T15:52:53+00:00","mainEntityOfPage":{"@id":"https:\/\/blog.formenterabreak.com\/it\/formentera-it\/i-3-mercatini-da-non-perdere-questestate-a-formentera\/"},"wordCount":567,"commentCount":0,"publisher":{"@id":"https:\/\/blog.formenterabreak.com\/#organization"},"image":{"@id":"https:\/\/blog.formenterabreak.com\/it\/formentera-it\/i-3-mercatini-da-non-perdere-questestate-a-formentera\/#primaryimage"},"thumbnailUrl":"https:\/\/i0.wp.com\/blog.formenterabreak.com\/wp-content\/uploads\/2024\/04\/shutterstock_2013079715.jpg?fit=1000%2C668&ssl=1","articleSection":["Formentera"],"inLanguage":"it-IT","potentialAction":[{"@type":"CommentAction","name":"Comment","target":["https:\/\/blog.formenterabreak.com\/it\/formentera-it\/i-3-mercatini-da-non-perdere-questestate-a-formentera\/#respond"]}]},{"@type":"WebPage","@id":"https:\/\/blog.formenterabreak.com\/it\/formentera-it\/i-3-mercatini-da-non-perdere-questestate-a-formentera\/","url":"https:\/\/blog.formenterabreak.com\/it\/formentera-it\/i-3-mercatini-da-non-perdere-questestate-a-formentera\/","name":"I 3 mercatini da non perdere quest'estate a Formentera - Formentera en Blog","isPartOf":{"@id":"https:\/\/blog.formenterabreak.com\/#website"},"primaryImageOfPage":{"@id":"https:\/\/blog.formenterabreak.com\/it\/formentera-it\/i-3-mercatini-da-non-perdere-questestate-a-formentera\/#primaryimage"},"image":{"@id":"https:\/\/blog.formenterabreak.com\/it\/formentera-it\/i-3-mercatini-da-non-perdere-questestate-a-formentera\/#primaryimage"},"thumbnailUrl":"https:\/\/i0.wp.com\/blog.formenterabreak.com\/wp-content\/uploads\/2024\/04\/shutterstock_2013079715.jpg?fit=1000%2C668&ssl=1","datePublished":"2024-03-07T16:47:56+00:00","dateModified":"2024-04-09T15:52:53+00:00","breadcrumb":{"@id":"https:\/\/blog.formenterabreak.com\/it\/formentera-it\/i-3-mercatini-da-non-perdere-questestate-a-formentera\/#breadcrumb"},"inLanguage":"it-IT","potentialAction":[{"@type":"ReadAction","target":["https:\/\/blog.formenterabreak.com\/it\/formentera-it\/i-3-mercatini-da-non-perdere-questestate-a-formentera\/"]}]},{"@type":"ImageObject","inLanguage":"it-IT","@id":"https:\/\/blog.formenterabreak.com\/it\/formentera-it\/i-3-mercatini-da-non-perdere-questestate-a-formentera\/#primaryimage","url":"https:\/\/i0.wp.com\/blog.formenterabreak.com\/wp-content\/uploads\/2024\/04\/shutterstock_2013079715.jpg?fit=1000%2C668&ssl=1","contentUrl":"https:\/\/i0.wp.com\/blog.formenterabreak.com\/wp-content\/uploads\/2024\/04\/shutterstock_2013079715.jpg?fit=1000%2C668&ssl=1","width":1000,"height":668},{"@type":"BreadcrumbList","@id":"https:\/\/blog.formenterabreak.com\/it\/formentera-it\/i-3-mercatini-da-non-perdere-questestate-a-formentera\/#breadcrumb","itemListElement":[{"@type":"ListItem","position":1,"name":"Portada","item":"https:\/\/blog.formenterabreak.com\/"},{"@type":"ListItem","position":2,"name":"I 3 mercatini da non perdere quest&#8217;estate a Formentera"}]},{"@type":"WebSite","@id":"https:\/\/blog.formenterabreak.com\/#website","url":"https:\/\/blog.formenterabreak.com\/","name":"Formentera en Blog","description":"Formentera en Blog by Formentera Break","publisher":{"@id":"https:\/\/blog.formenterabreak.com\/#organization"},"alternateName":"Formentera en Blog","potentialAction":[{"@type":"SearchAction","target":{"@type":"EntryPoint","urlTemplate":"https:\/\/blog.formenterabreak.com\/?s={search_term_string}"},"query-input":{"@type":"PropertyValueSpecification","valueRequired":true,"valueName":"search_term_string"}}],"inLanguage":"it-IT"},{"@type":"Organization","@id":"https:\/\/blog.formenterabreak.com\/#organization","name":"Formentera Break","url":"https:\/\/blog.formenterabreak.com\/","logo":{"@type":"ImageObject","inLanguage":"it-IT","@id":"https:\/\/blog.formenterabreak.com\/#\/schema\/logo\/image\/","url":"https:\/\/i0.wp.com\/blog.formenterabreak.com\/wp-content\/uploads\/2021\/04\/logo.png?fit=485%2C136&ssl=1","contentUrl":"https:\/\/i0.wp.com\/blog.formenterabreak.com\/wp-content\/uploads\/2021\/04\/logo.png?fit=485%2C136&ssl=1","width":485,"height":136,"caption":"Formentera Break"},"image":{"@id":"https:\/\/blog.formenterabreak.com\/#\/schema\/logo\/image\/"},"sameAs":["https:\/\/www.facebook.com\/formenterabreak","https:\/\/www.instagram.com\/formenterabreak\/","https:\/\/www.tiktok.com\/@formentera.break"]},{"@type":"Person","@id":"https:\/\/blog.formenterabreak.com\/#\/schema\/person\/0cb261818cd2b72826c69277bf1e354b","name":"formenterabreak","image":{"@type":"ImageObject","inLanguage":"it-IT","@id":"https:\/\/secure.gravatar.com\/avatar\/737007e969e60568644f2a06dc1093d08be52ca7f05dde3c22818d2d63802a38?s=96&d=identicon&r=g","url":"https:\/\/secure.gravatar.com\/avatar\/737007e969e60568644f2a06dc1093d08be52ca7f05dde3c22818d2d63802a38?s=96&d=identicon&r=g","contentUrl":"https:\/\/secure.gravatar.com\/avatar\/737007e969e60568644f2a06dc1093d08be52ca7f05dde3c22818d2d63802a38?s=96&d=identicon&r=g","caption":"formenterabreak"},"sameAs":["http:\/\/formenterabreak.wordpress.com"],"url":"https:\/\/blog.formenterabreak.com\/it\/author\/formenterabreak\/"}]}},"jetpack_publicize_connections":[],"jetpack_featured_media_url":"https:\/\/i0.wp.com\/blog.formenterabreak.com\/wp-content\/uploads\/2024\/04\/shutterstock_2013079715.jpg?fit=1000%2C668&ssl=1","jetpack_likes_enabled":true,"jetpack_sharing_enabled":true,"jetpack_shortlink":"https:\/\/wp.me\/pd1o8i-11k","_links":{"self":[{"href":"https:\/\/blog.formenterabreak.com\/it\/wp-json\/wp\/v2\/posts\/3926","targetHints":{"allow":["GET"]}}],"collection":[{"href":"https:\/\/blog.formenterabreak.com\/it\/wp-json\/wp\/v2\/posts"}],"about":[{"href":"https:\/\/blog.formenterabreak.com\/it\/wp-json\/wp\/v2\/types\/post"}],"author":[{"embeddable":true,"href":"https:\/\/blog.formenterabreak.com\/it\/wp-json\/wp\/v2\/users\/205492823"}],"replies":[{"embeddable":true,"href":"https:\/\/blog.formenterabreak.com\/it\/wp-json\/wp\/v2\/comments?post=3926"}],"version-history":[{"count":1,"href":"https:\/\/blog.formenterabreak.com\/it\/wp-json\/wp\/v2\/posts\/3926\/revisions"}],"predecessor-version":[{"id":3927,"href":"https:\/\/blog.formenterabreak.com\/it\/wp-json\/wp\/v2\/posts\/3926\/revisions\/3927"}],"wp:featuredmedia":[{"embeddable":true,"href":"https:\/\/blog.formenterabreak.com\/it\/wp-json\/wp\/v2\/media\/3924"}],"wp:attachment":[{"href":"https:\/\/blog.formenterabreak.com\/it\/wp-json\/wp\/v2\/media?parent=3926"}],"wp:term":[{"taxonomy":"category","embeddable":true,"href":"https:\/\/blog.formenterabreak.com\/it\/wp-json\/wp\/v2\/categories?post=3926"},{"taxonomy":"post_tag","embeddable":true,"href":"https:\/\/blog.formenterabreak.com\/it\/wp-json\/wp\/v2\/tags?post=3926"}],"curies":[{"name":"wp","href":"https:\/\/api.w.org\/{rel}","templated":true}]}}