{"id":4791,"date":"2025-06-06T07:00:00","date_gmt":"2025-06-06T05:00:00","guid":{"rendered":"https:\/\/blog.formenterabreak.com\/?p=4791"},"modified":"2025-05-26T19:07:44","modified_gmt":"2025-05-26T17:07:44","slug":"formentera-e-il-movimento-hippie-una-storia-di-liberta-arte-ed-eredita","status":"publish","type":"post","link":"https:\/\/blog.formenterabreak.com\/it\/formentera-it\/formentera-e-il-movimento-hippie-una-storia-di-liberta-arte-ed-eredita\/","title":{"rendered":"Formentera e il movimento hippie: una storia di libert\u00e0, arte ed eredit\u00e0"},"content":{"rendered":"\n<p class=\"wp-block-paragraph\">Quando si passeggia per le strade di <strong>Sant Ferran<\/strong>, per i mercatini de <strong>La Mola<\/strong> o ci si rilassa a guardare il tramonto al <strong>Pirata Bus<\/strong>, si percepisce qualcosa di speciale nell&#8217;aria. Non \u00e8 solo la bellezza naturale di Formentera: \u00e8 un&#8217;energia diversa, libera e creativa che permea l&#8217;isola da pi\u00f9 di mezzo secolo. Questo spirito ha un nome proprio: il <strong>movimento hippie<\/strong>.<\/p>\n\n\n\n<p class=\"wp-block-paragraph\">Come gli hippy arrivarono a Formentera<\/p>\n\n\n\n<p class=\"wp-block-paragraph\">A met\u00e0 degli anni Sessanta, Formentera era un angolo quasi isolato del Mediterraneo. Con appena 3.000 abitanti e un accesso difficile &#8211; si poteva raggiungere da Ibiza solo in barca &#8211; l&#8217;isola offriva qualcosa che molti giovani desideravano: <strong>natura incontaminata, tranquillit\u00e0 e libert\u00e0.<\/strong><\/p>\n\n\n\n<p class=\"wp-block-paragraph\">Nel bel mezzo della guerra del Vietnam, centinaia di giovani americani attraversarono l&#8217;Atlantico per sfuggire al servizio militare e al sistema che rifiutavano. L&#8217;Europa era il rifugio ideale e Formentera, grazie al suo isolamento, divenne un paradiso perduto. A loro si unirono artisti, musicisti, scrittori e boh\u00e9mien provenienti da tutta Europa. L&#8217;isola, allora lontana dal controllo sociale e politico della Spagna di Franco, offriva l&#8217;ambiente perfetto per vivere ai margini.<\/p>\n\n\n\n<p class=\"wp-block-paragraph\">I primi ad arrivare furono i beatniks, precursori del movimento hippie. Dal 1967 in poi, Formentera divenne una delle destinazioni chiave della controcultura internazionale, insieme a <strong>Ibiza, Goa e Kathmandu.<\/strong><\/p>\n\n\n\n<p class=\"wp-block-paragraph\">Vita hippy sull&#8217;isola<\/p>\n\n\n\n<p class=\"wp-block-paragraph\">La vita quotidiana di questi hippy era semplice, in armonia con la natura. Si accampavano su spiagge come <strong>Migjorn<\/strong>, vivevano in comuni improvvisate in luoghi come <strong>Mol\u00ed Vell<\/strong> <strong>de La Mola<\/strong>, praticavano lo yoga, meditavano al tramonto e organizzavano feste di luna piena sotto le stelle. La musica era onnipresente: chitarre, tamburi e canti risuonavano giorno e notte.<\/p>\n\n\n\n<p class=\"wp-block-paragraph\">Un luogo emblematico fu la <strong>Fonda Pepe <\/strong>a <strong>Sant Ferran<\/strong>, che divenne il centro nevralgico del movimento: vi si condividevano cibo, vino, idee e sogni. Nacquero anche iniziative come la <strong>Biblioteca Internazionale di Bob Baldon<\/strong>, che offriva libri in diverse lingue nel cuore dell&#8217;isola.<\/p>\n\n\n\n<p class=\"wp-block-paragraph\">Gli artigiani realizzavano collane di conchiglie, abiti colorati e gioielli d&#8217;argento, vendendoli su bancarelle in strada. Questa economia informale, tutt&#8217;altro che marginale, port\u00f3 dinamismo all&#8217;isola ed \u00e8 fu il seme di quella che oggi \u00e8 una parte essenziale della sua identit\u00e0 turistica.<\/p>\n\n\n\n<p class=\"wp-block-paragraph\">Influenze artistiche e personaggi mitici<\/p>\n\n\n\n<p class=\"wp-block-paragraph\">L&#8217;atmosfera di Formentera attir\u00f2 numerosi artisti internazionali. I Pink Floyd composero parte della colonna sonora del film <em>More<\/em> sull&#8217;isola. Il poeta Peter Sinfield (King Crimson) le dedic\u00f3 la canzone \u201cFormentera Lady\u201d. Anche James Taylor, Taj Mahal, Dexter Gordon, Gilberto Gil e persino, secondo la leggenda, Bob Dylan, passarono per l&#8217;isola.<\/p>\n\n\n\n<p class=\"wp-block-paragraph\">Tra gli spagnoli, spicca il cantautore catalano Pau Riba, affascinato dalla libert\u00e0 che trov\u00f2 sull&#8217;isola nel 1970.<\/p>\n\n\n\n<p class=\"wp-block-paragraph\">Ascesa, repressione ed eredit\u00e0<\/p>\n\n\n\n<p class=\"wp-block-paragraph\">Nonostante l&#8217;atmosfera pacifica, le autorit\u00e0 franchiste non accolsero bene questa \u201cinvasione pacifica\u201d. Tra il 1968 e il 1970 si verificarono retate ed espulsioni di hippy accusati di comportamenti immorali. Nonostante ci\u00f2, molti tornarono pi\u00f9 volte, incapaci di staccarsi da quell&#8217;utopia mediterranea.<\/p>\n\n\n\n<p class=\"wp-block-paragraph\">Col tempo, l&#8217;introduzione di droghe pesanti come l&#8217;eroina e i cambiamenti politici in Spagna segnarono il declino del movimento. Tuttavia, l&#8217;<strong>impronta culturale ed emotiva<\/strong> che lasciarono fu indelebile.<\/p>\n\n\n\n<p class=\"wp-block-paragraph\">Formentera oggi: l&#8217;eredit\u00e0 hippie vivente<\/p>\n\n\n\n<p class=\"wp-block-paragraph\">Lungi dallo scomparire, l&#8217;eredit\u00e0 hippie \u00e8 diventata una <strong>risorsa turistica, culturale ed estetica.<\/strong> Luoghi come la <strong>Fonda Pepe<\/strong> o il <strong>Blue Bar<\/strong> sono ancora attivi e conservano il loro spirito originario. Il <strong>mercato artigianale de La Mola<\/strong>, nato alla fine degli anni &#8217;70, continua a riunire ogni settimana artigiani dall&#8217;anima libera.<\/p>\n\n\n\n<p class=\"wp-block-paragraph\">Inoltre, ogni estate si tengono i <strong>Flower Power Festivals<\/strong> in varie zone dell&#8217;isola: <strong>Sant Francesc, Sant Ferran, Es Pujols o La Mola<\/strong>. Queste celebrazioni riuniscono abitanti e turisti che, tra parrucche, fiori e rock psichedelico, rendono omaggio a un&#8217;epoca che ha trasformato per sempre l&#8217;identit\u00e0 di Formentera.<\/p>\n\n\n\n<p class=\"wp-block-paragraph\">Una destinazione differente<\/p>\n\n\n\n<p class=\"wp-block-paragraph\">Formentera \u00e8 riuscita a integrare il suo passato hippie con eleganza. Non si tratta di un parco a tema o di una caricatura del passato: \u00e8 un luogo dove lo <strong>spirito boh\u00e9mien<\/strong> \u00e8 ancora vivo e vegeto. Dalla moda <em>hippie-chic<\/em> dei suoi negozi ai ritmi rilassati delle sue notti senza discoteche, l&#8217;isola offre un&#8217;esperienza diversa.<\/p>\n\n\n\n<p class=\"wp-block-paragraph\">I visitatori di Formentera oggi non cercano solo spiagge cristalline, ma anche quell&#8217;<strong>energia speciale<\/strong> che permeava l&#8217;isola negli anni &#8217;60 e che ancora aleggia nell&#8217;aria. Perch\u00e9, come dicono molti abitanti del luogo, qui si pu\u00f2 ancora vivere in modo tranquillo, autentico e libero. E questa, in fondo, \u00e8 l&#8217;eredit\u00e0 pi\u00f9 preziosa che gli hippy hanno lasciato in questo magico angolo del Mediterraneo.<\/p>\n\n\n\n<p class=\"wp-block-paragraph\">Vivi lo spirito hippie a modo tuoTi piacerebbe sentire la libert\u00e0, la disconnessione e l&#8217;autenticit\u00e0 durante la tua prossima fuga? A Formentera Break ti offriamo alloggi con anima, perfetti per connettersi con l&#8217;essenza dell&#8217;isola. Appartamenti vicino al mare, angoli tranquilli e tutto il comfort necessario per lasciarsi trasportare dal <strong>ritmo lento di Formentera.<\/strong><\/p>\n","protected":false},"excerpt":{"rendered":"<p>Quando si passeggia per le strade di Sant Ferran, per i mercatini de La Mola o ci si rilassa a guardare il tramonto al Pirata Bus, si percepisce qualcosa di speciale nell&#8217;aria. Non \u00e8 solo la bellezza naturale di Formentera: \u00e8 un&#8217;energia diversa, libera e creativa che permea l&#8217;isola da pi\u00f9 di mezzo secolo. Questo [&hellip;]<\/p>\n","protected":false},"author":205492823,"featured_media":4776,"comment_status":"open","ping_status":"open","sticky":false,"template":"","format":"standard","meta":{"_coblocks_attr":"","_coblocks_dimensions":"","_coblocks_responsive_height":"","_coblocks_accordion_ie_support":"","ocean_front_end_style_editor":"no","ocean_post_layout":"","ocean_both_sidebars_style":"","ocean_both_sidebars_content_width":0,"ocean_both_sidebars_sidebars_width":0,"ocean_sidebar":"","ocean_second_sidebar":"","ocean_disable_margins":"enable","ocean_add_body_class":"","ocean_shortcode_before_top_bar":"","ocean_shortcode_after_top_bar":"","ocean_shortcode_before_header":"","ocean_shortcode_after_header":"","ocean_has_shortcode":"","ocean_shortcode_after_title":"","ocean_shortcode_before_footer_widgets":"","ocean_shortcode_after_footer_widgets":"","ocean_shortcode_before_footer_bottom":"","ocean_shortcode_after_footer_bottom":"","ocean_display_top_bar":"default","ocean_display_header":"default","ocean_header_style":"","ocean_center_header_left_menu":"","ocean_custom_header_template":"","ocean_custom_logo":0,"ocean_custom_retina_logo":0,"ocean_custom_logo_max_width":0,"ocean_custom_logo_tablet_max_width":0,"ocean_custom_logo_mobile_max_width":0,"ocean_custom_logo_max_height":0,"ocean_custom_logo_tablet_max_height":0,"ocean_custom_logo_mobile_max_height":0,"ocean_header_custom_menu":"","ocean_menu_typo_font_family":"","ocean_menu_typo_font_subset":"","ocean_menu_typo_font_size":0,"ocean_menu_typo_font_size_tablet":0,"ocean_menu_typo_font_size_mobile":0,"ocean_menu_typo_font_size_unit":"px","ocean_menu_typo_font_weight":"","ocean_menu_typo_font_weight_tablet":"","ocean_menu_typo_font_weight_mobile":"","ocean_menu_typo_transform":"","ocean_menu_typo_transform_tablet":"","ocean_menu_typo_transform_mobile":"","ocean_menu_typo_line_height":0,"ocean_menu_typo_line_height_tablet":0,"ocean_menu_typo_line_height_mobile":0,"ocean_menu_typo_line_height_unit":"","ocean_menu_typo_spacing":0,"ocean_menu_typo_spacing_tablet":0,"ocean_menu_typo_spacing_mobile":0,"ocean_menu_typo_spacing_unit":"","ocean_menu_link_color":"","ocean_menu_link_color_hover":"","ocean_menu_link_color_active":"","ocean_menu_link_background":"","ocean_menu_link_hover_background":"","ocean_menu_link_active_background":"","ocean_menu_social_links_bg":"","ocean_menu_social_hover_links_bg":"","ocean_menu_social_links_color":"","ocean_menu_social_hover_links_color":"","ocean_disable_title":"default","ocean_disable_heading":"default","ocean_post_title":"","ocean_post_subheading":"","ocean_post_title_style":"","ocean_post_title_background_color":"","ocean_post_title_background":0,"ocean_post_title_bg_image_position":"","ocean_post_title_bg_image_attachment":"","ocean_post_title_bg_image_repeat":"","ocean_post_title_bg_image_size":"","ocean_post_title_height":0,"ocean_post_title_bg_overlay":0.5,"ocean_post_title_bg_overlay_color":"","ocean_disable_breadcrumbs":"default","ocean_breadcrumbs_color":"","ocean_breadcrumbs_separator_color":"","ocean_breadcrumbs_links_color":"","ocean_breadcrumbs_links_hover_color":"","ocean_display_footer_widgets":"default","ocean_display_footer_bottom":"default","ocean_custom_footer_template":"","_jetpack_newsletter_access":"","_jetpack_dont_email_post_to_subs":false,"_jetpack_newsletter_tier_id":0,"_jetpack_memberships_contains_paywalled_content":false,"_wpcom_ai_launchpad_first_post":false,"_jetpack_feature_clip_id":0,"_jetpack_memberships_contains_paid_content":false,"ocean_post_oembed":"","ocean_post_self_hosted_media":"","ocean_post_video_embed":"","ocean_link_format":"","ocean_link_format_target":"self","ocean_quote_format":"","ocean_quote_format_link":"post","ocean_gallery_link_images":"on","ocean_gallery_id":[],"footnotes":"","jetpack_publicize_message":"{title}\n\n{excerpt}\n\n{url}","jetpack_publicize_feature_enabled":true,"jetpack_social_post_already_shared":true,"jetpack_social_options":{"image_generator_settings":{"template":"highway","default_image_id":0,"font":"","enabled":false},"version":2},"_wpas_customize_per_network":false,"jetpack_post_was_ever_published":false},"categories":[122124],"tags":[],"class_list":["post-4791","post","type-post","status-publish","format-standard","has-post-thumbnail","hentry","category-formentera-it","entry","has-media"],"yoast_head":"<!-- This site is optimized with the Yoast SEO plugin v28.3 - https:\/\/yoast.com\/product\/yoast-seo-wordpress\/ -->\n<title>Formentera e il movimento hippie: una storia di libert\u00e0, arte ed eredit\u00e0 - Formentera en Blog<\/title>\n<meta name=\"robots\" content=\"index, follow, max-snippet:-1, max-image-preview:large, max-video-preview:-1\" \/>\n<link rel=\"canonical\" href=\"https:\/\/blog.formenterabreak.com\/it\/formentera\/formentera-e-il-movimento-hippie-una-storia-di-liberta-arte-ed-eredita\/\" \/>\n<meta property=\"og:locale\" content=\"it_IT\" \/>\n<meta property=\"og:type\" content=\"article\" \/>\n<meta property=\"og:title\" content=\"Formentera e il movimento hippie: una storia di libert\u00e0, arte ed eredit\u00e0 - Formentera en Blog\" \/>\n<meta property=\"og:description\" content=\"Quando si passeggia per le strade di Sant Ferran, per i mercatini de La Mola o ci si rilassa a guardare il tramonto al Pirata Bus, si percepisce qualcosa di speciale nell&#8217;aria. Non \u00e8 solo la bellezza naturale di Formentera: \u00e8 un&#8217;energia diversa, libera e creativa che permea l&#8217;isola da pi\u00f9 di mezzo secolo. Questo [&hellip;]\" \/>\n<meta property=\"og:url\" content=\"https:\/\/blog.formenterabreak.com\/it\/formentera\/formentera-e-il-movimento-hippie-una-storia-di-liberta-arte-ed-eredita\/\" \/>\n<meta property=\"og:site_name\" content=\"Formentera en Blog\" \/>\n<meta property=\"article:publisher\" content=\"https:\/\/www.facebook.com\/formenterabreak\" \/>\n<meta property=\"article:published_time\" content=\"2025-06-06T05:00:00+00:00\" \/>\n<meta property=\"og:image\" content=\"https:\/\/i0.wp.com\/blog.formenterabreak.com\/wp-content\/uploads\/2025\/05\/mercat-de-la-mola-71.jpg?fit=3000%2C2000&ssl=1\" \/>\n\t<meta property=\"og:image:width\" content=\"3000\" \/>\n\t<meta property=\"og:image:height\" content=\"2000\" \/>\n\t<meta property=\"og:image:type\" content=\"image\/jpeg\" \/>\n<meta name=\"author\" content=\"formenterabreak\" \/>\n<meta name=\"twitter:card\" content=\"summary_large_image\" \/>\n<meta name=\"twitter:label1\" content=\"Scritto da\" \/>\n\t<meta name=\"twitter:data1\" content=\"formenterabreak\" \/>\n\t<meta name=\"twitter:label2\" content=\"Tempo di lettura stimato\" \/>\n\t<meta name=\"twitter:data2\" content=\"4 minuti\" \/>\n<script type=\"application\/ld+json\" class=\"yoast-schema-graph\">{\"@context\":\"https:\\\/\\\/schema.org\",\"@graph\":[{\"@type\":\"Article\",\"@id\":\"https:\\\/\\\/blog.formenterabreak.com\\\/it\\\/formentera\\\/formentera-e-il-movimento-hippie-una-storia-di-liberta-arte-ed-eredita\\\/#article\",\"isPartOf\":{\"@id\":\"https:\\\/\\\/blog.formenterabreak.com\\\/it\\\/formentera\\\/formentera-e-il-movimento-hippie-una-storia-di-liberta-arte-ed-eredita\\\/\"},\"author\":{\"name\":\"formenterabreak\",\"@id\":\"https:\\\/\\\/blog.formenterabreak.com\\\/#\\\/schema\\\/person\\\/0cb261818cd2b72826c69277bf1e354b\"},\"headline\":\"Formentera e il movimento hippie: una storia di libert\u00e0, arte ed eredit\u00e0\",\"datePublished\":\"2025-06-06T05:00:00+00:00\",\"mainEntityOfPage\":{\"@id\":\"https:\\\/\\\/blog.formenterabreak.com\\\/it\\\/formentera\\\/formentera-e-il-movimento-hippie-una-storia-di-liberta-arte-ed-eredita\\\/\"},\"wordCount\":815,\"commentCount\":0,\"publisher\":{\"@id\":\"https:\\\/\\\/blog.formenterabreak.com\\\/#organization\"},\"image\":{\"@id\":\"https:\\\/\\\/blog.formenterabreak.com\\\/it\\\/formentera\\\/formentera-e-il-movimento-hippie-una-storia-di-liberta-arte-ed-eredita\\\/#primaryimage\"},\"thumbnailUrl\":\"https:\\\/\\\/i0.wp.com\\\/blog.formenterabreak.com\\\/wp-content\\\/uploads\\\/2025\\\/05\\\/mercat-de-la-mola-71.jpg?fit=3000%2C2000&ssl=1\",\"articleSection\":[\"Formentera\"],\"inLanguage\":\"it-IT\",\"potentialAction\":[{\"@type\":\"CommentAction\",\"name\":\"Comment\",\"target\":[\"https:\\\/\\\/blog.formenterabreak.com\\\/it\\\/formentera\\\/formentera-e-il-movimento-hippie-una-storia-di-liberta-arte-ed-eredita\\\/#respond\"]}]},{\"@type\":\"WebPage\",\"@id\":\"https:\\\/\\\/blog.formenterabreak.com\\\/it\\\/formentera\\\/formentera-e-il-movimento-hippie-una-storia-di-liberta-arte-ed-eredita\\\/\",\"url\":\"https:\\\/\\\/blog.formenterabreak.com\\\/it\\\/formentera\\\/formentera-e-il-movimento-hippie-una-storia-di-liberta-arte-ed-eredita\\\/\",\"name\":\"Formentera e il movimento hippie: una storia di libert\u00e0, arte ed eredit\u00e0 - Formentera en Blog\",\"isPartOf\":{\"@id\":\"https:\\\/\\\/blog.formenterabreak.com\\\/#website\"},\"primaryImageOfPage\":{\"@id\":\"https:\\\/\\\/blog.formenterabreak.com\\\/it\\\/formentera\\\/formentera-e-il-movimento-hippie-una-storia-di-liberta-arte-ed-eredita\\\/#primaryimage\"},\"image\":{\"@id\":\"https:\\\/\\\/blog.formenterabreak.com\\\/it\\\/formentera\\\/formentera-e-il-movimento-hippie-una-storia-di-liberta-arte-ed-eredita\\\/#primaryimage\"},\"thumbnailUrl\":\"https:\\\/\\\/i0.wp.com\\\/blog.formenterabreak.com\\\/wp-content\\\/uploads\\\/2025\\\/05\\\/mercat-de-la-mola-71.jpg?fit=3000%2C2000&ssl=1\",\"datePublished\":\"2025-06-06T05:00:00+00:00\",\"breadcrumb\":{\"@id\":\"https:\\\/\\\/blog.formenterabreak.com\\\/it\\\/formentera\\\/formentera-e-il-movimento-hippie-una-storia-di-liberta-arte-ed-eredita\\\/#breadcrumb\"},\"inLanguage\":\"it-IT\",\"potentialAction\":[{\"@type\":\"ReadAction\",\"target\":[\"https:\\\/\\\/blog.formenterabreak.com\\\/it\\\/formentera\\\/formentera-e-il-movimento-hippie-una-storia-di-liberta-arte-ed-eredita\\\/\"]}]},{\"@type\":\"ImageObject\",\"inLanguage\":\"it-IT\",\"@id\":\"https:\\\/\\\/blog.formenterabreak.com\\\/it\\\/formentera\\\/formentera-e-il-movimento-hippie-una-storia-di-liberta-arte-ed-eredita\\\/#primaryimage\",\"url\":\"https:\\\/\\\/i0.wp.com\\\/blog.formenterabreak.com\\\/wp-content\\\/uploads\\\/2025\\\/05\\\/mercat-de-la-mola-71.jpg?fit=3000%2C2000&ssl=1\",\"contentUrl\":\"https:\\\/\\\/i0.wp.com\\\/blog.formenterabreak.com\\\/wp-content\\\/uploads\\\/2025\\\/05\\\/mercat-de-la-mola-71.jpg?fit=3000%2C2000&ssl=1\",\"width\":3000,\"height\":2000},{\"@type\":\"BreadcrumbList\",\"@id\":\"https:\\\/\\\/blog.formenterabreak.com\\\/it\\\/formentera\\\/formentera-e-il-movimento-hippie-una-storia-di-liberta-arte-ed-eredita\\\/#breadcrumb\",\"itemListElement\":[{\"@type\":\"ListItem\",\"position\":1,\"name\":\"Portada\",\"item\":\"https:\\\/\\\/blog.formenterabreak.com\\\/\"},{\"@type\":\"ListItem\",\"position\":2,\"name\":\"Formentera e il movimento hippie: una storia di libert\u00e0, arte ed eredit\u00e0\"}]},{\"@type\":\"WebSite\",\"@id\":\"https:\\\/\\\/blog.formenterabreak.com\\\/#website\",\"url\":\"https:\\\/\\\/blog.formenterabreak.com\\\/\",\"name\":\"Formentera en Blog\",\"description\":\"Formentera en Blog by Formentera Break\",\"publisher\":{\"@id\":\"https:\\\/\\\/blog.formenterabreak.com\\\/#organization\"},\"alternateName\":\"Formentera en Blog\",\"potentialAction\":[{\"@type\":\"SearchAction\",\"target\":{\"@type\":\"EntryPoint\",\"urlTemplate\":\"https:\\\/\\\/blog.formenterabreak.com\\\/?s={search_term_string}\"},\"query-input\":{\"@type\":\"PropertyValueSpecification\",\"valueRequired\":true,\"valueName\":\"search_term_string\"}}],\"inLanguage\":\"it-IT\"},{\"@type\":\"Organization\",\"@id\":\"https:\\\/\\\/blog.formenterabreak.com\\\/#organization\",\"name\":\"Formentera Break\",\"url\":\"https:\\\/\\\/blog.formenterabreak.com\\\/\",\"logo\":{\"@type\":\"ImageObject\",\"inLanguage\":\"it-IT\",\"@id\":\"https:\\\/\\\/blog.formenterabreak.com\\\/#\\\/schema\\\/logo\\\/image\\\/\",\"url\":\"https:\\\/\\\/i0.wp.com\\\/blog.formenterabreak.com\\\/wp-content\\\/uploads\\\/2021\\\/04\\\/logo.png?fit=485%2C136&ssl=1\",\"contentUrl\":\"https:\\\/\\\/i0.wp.com\\\/blog.formenterabreak.com\\\/wp-content\\\/uploads\\\/2021\\\/04\\\/logo.png?fit=485%2C136&ssl=1\",\"width\":485,\"height\":136,\"caption\":\"Formentera Break\"},\"image\":{\"@id\":\"https:\\\/\\\/blog.formenterabreak.com\\\/#\\\/schema\\\/logo\\\/image\\\/\"},\"sameAs\":[\"https:\\\/\\\/www.facebook.com\\\/formenterabreak\",\"https:\\\/\\\/www.instagram.com\\\/formenterabreak\\\/\",\"https:\\\/\\\/www.tiktok.com\\\/@formentera.break\"]},{\"@type\":\"Person\",\"@id\":\"https:\\\/\\\/blog.formenterabreak.com\\\/#\\\/schema\\\/person\\\/0cb261818cd2b72826c69277bf1e354b\",\"name\":\"formenterabreak\",\"image\":{\"@type\":\"ImageObject\",\"inLanguage\":\"it-IT\",\"@id\":\"https:\\\/\\\/secure.gravatar.com\\\/avatar\\\/737007e969e60568644f2a06dc1093d08be52ca7f05dde3c22818d2d63802a38?s=96&d=identicon&r=g\",\"url\":\"https:\\\/\\\/secure.gravatar.com\\\/avatar\\\/737007e969e60568644f2a06dc1093d08be52ca7f05dde3c22818d2d63802a38?s=96&d=identicon&r=g\",\"contentUrl\":\"https:\\\/\\\/secure.gravatar.com\\\/avatar\\\/737007e969e60568644f2a06dc1093d08be52ca7f05dde3c22818d2d63802a38?s=96&d=identicon&r=g\",\"caption\":\"formenterabreak\"},\"sameAs\":[\"http:\\\/\\\/formenterabreak.wordpress.com\"],\"url\":\"https:\\\/\\\/blog.formenterabreak.com\\\/it\\\/author\\\/formenterabreak\\\/\"}]}<\/script>\n<!-- \/ Yoast SEO plugin. -->","yoast_head_json":{"title":"Formentera e il movimento hippie: una storia di libert\u00e0, arte ed eredit\u00e0 - Formentera en Blog","robots":{"index":"index","follow":"follow","max-snippet":"max-snippet:-1","max-image-preview":"max-image-preview:large","max-video-preview":"max-video-preview:-1"},"canonical":"https:\/\/blog.formenterabreak.com\/it\/formentera\/formentera-e-il-movimento-hippie-una-storia-di-liberta-arte-ed-eredita\/","og_locale":"it_IT","og_type":"article","og_title":"Formentera e il movimento hippie: una storia di libert\u00e0, arte ed eredit\u00e0 - Formentera en Blog","og_description":"Quando si passeggia per le strade di Sant Ferran, per i mercatini de La Mola o ci si rilassa a guardare il tramonto al Pirata Bus, si percepisce qualcosa di speciale nell&#8217;aria. Non \u00e8 solo la bellezza naturale di Formentera: \u00e8 un&#8217;energia diversa, libera e creativa che permea l&#8217;isola da pi\u00f9 di mezzo secolo. Questo [&hellip;]","og_url":"https:\/\/blog.formenterabreak.com\/it\/formentera\/formentera-e-il-movimento-hippie-una-storia-di-liberta-arte-ed-eredita\/","og_site_name":"Formentera en Blog","article_publisher":"https:\/\/www.facebook.com\/formenterabreak","article_published_time":"2025-06-06T05:00:00+00:00","og_image":[{"width":3000,"height":2000,"url":"https:\/\/i0.wp.com\/blog.formenterabreak.com\/wp-content\/uploads\/2025\/05\/mercat-de-la-mola-71.jpg?fit=3000%2C2000&ssl=1","type":"image\/jpeg"}],"author":"formenterabreak","twitter_card":"summary_large_image","twitter_misc":{"Scritto da":"formenterabreak","Tempo di lettura stimato":"4 minuti"},"schema":{"@context":"https:\/\/schema.org","@graph":[{"@type":"Article","@id":"https:\/\/blog.formenterabreak.com\/it\/formentera\/formentera-e-il-movimento-hippie-una-storia-di-liberta-arte-ed-eredita\/#article","isPartOf":{"@id":"https:\/\/blog.formenterabreak.com\/it\/formentera\/formentera-e-il-movimento-hippie-una-storia-di-liberta-arte-ed-eredita\/"},"author":{"name":"formenterabreak","@id":"https:\/\/blog.formenterabreak.com\/#\/schema\/person\/0cb261818cd2b72826c69277bf1e354b"},"headline":"Formentera e il movimento hippie: una storia di libert\u00e0, arte ed eredit\u00e0","datePublished":"2025-06-06T05:00:00+00:00","mainEntityOfPage":{"@id":"https:\/\/blog.formenterabreak.com\/it\/formentera\/formentera-e-il-movimento-hippie-una-storia-di-liberta-arte-ed-eredita\/"},"wordCount":815,"commentCount":0,"publisher":{"@id":"https:\/\/blog.formenterabreak.com\/#organization"},"image":{"@id":"https:\/\/blog.formenterabreak.com\/it\/formentera\/formentera-e-il-movimento-hippie-una-storia-di-liberta-arte-ed-eredita\/#primaryimage"},"thumbnailUrl":"https:\/\/i0.wp.com\/blog.formenterabreak.com\/wp-content\/uploads\/2025\/05\/mercat-de-la-mola-71.jpg?fit=3000%2C2000&ssl=1","articleSection":["Formentera"],"inLanguage":"it-IT","potentialAction":[{"@type":"CommentAction","name":"Comment","target":["https:\/\/blog.formenterabreak.com\/it\/formentera\/formentera-e-il-movimento-hippie-una-storia-di-liberta-arte-ed-eredita\/#respond"]}]},{"@type":"WebPage","@id":"https:\/\/blog.formenterabreak.com\/it\/formentera\/formentera-e-il-movimento-hippie-una-storia-di-liberta-arte-ed-eredita\/","url":"https:\/\/blog.formenterabreak.com\/it\/formentera\/formentera-e-il-movimento-hippie-una-storia-di-liberta-arte-ed-eredita\/","name":"Formentera e il movimento hippie: una storia di libert\u00e0, arte ed eredit\u00e0 - Formentera en Blog","isPartOf":{"@id":"https:\/\/blog.formenterabreak.com\/#website"},"primaryImageOfPage":{"@id":"https:\/\/blog.formenterabreak.com\/it\/formentera\/formentera-e-il-movimento-hippie-una-storia-di-liberta-arte-ed-eredita\/#primaryimage"},"image":{"@id":"https:\/\/blog.formenterabreak.com\/it\/formentera\/formentera-e-il-movimento-hippie-una-storia-di-liberta-arte-ed-eredita\/#primaryimage"},"thumbnailUrl":"https:\/\/i0.wp.com\/blog.formenterabreak.com\/wp-content\/uploads\/2025\/05\/mercat-de-la-mola-71.jpg?fit=3000%2C2000&ssl=1","datePublished":"2025-06-06T05:00:00+00:00","breadcrumb":{"@id":"https:\/\/blog.formenterabreak.com\/it\/formentera\/formentera-e-il-movimento-hippie-una-storia-di-liberta-arte-ed-eredita\/#breadcrumb"},"inLanguage":"it-IT","potentialAction":[{"@type":"ReadAction","target":["https:\/\/blog.formenterabreak.com\/it\/formentera\/formentera-e-il-movimento-hippie-una-storia-di-liberta-arte-ed-eredita\/"]}]},{"@type":"ImageObject","inLanguage":"it-IT","@id":"https:\/\/blog.formenterabreak.com\/it\/formentera\/formentera-e-il-movimento-hippie-una-storia-di-liberta-arte-ed-eredita\/#primaryimage","url":"https:\/\/i0.wp.com\/blog.formenterabreak.com\/wp-content\/uploads\/2025\/05\/mercat-de-la-mola-71.jpg?fit=3000%2C2000&ssl=1","contentUrl":"https:\/\/i0.wp.com\/blog.formenterabreak.com\/wp-content\/uploads\/2025\/05\/mercat-de-la-mola-71.jpg?fit=3000%2C2000&ssl=1","width":3000,"height":2000},{"@type":"BreadcrumbList","@id":"https:\/\/blog.formenterabreak.com\/it\/formentera\/formentera-e-il-movimento-hippie-una-storia-di-liberta-arte-ed-eredita\/#breadcrumb","itemListElement":[{"@type":"ListItem","position":1,"name":"Portada","item":"https:\/\/blog.formenterabreak.com\/"},{"@type":"ListItem","position":2,"name":"Formentera e il movimento hippie: una storia di libert\u00e0, arte ed eredit\u00e0"}]},{"@type":"WebSite","@id":"https:\/\/blog.formenterabreak.com\/#website","url":"https:\/\/blog.formenterabreak.com\/","name":"Formentera en Blog","description":"Formentera en Blog by Formentera Break","publisher":{"@id":"https:\/\/blog.formenterabreak.com\/#organization"},"alternateName":"Formentera en Blog","potentialAction":[{"@type":"SearchAction","target":{"@type":"EntryPoint","urlTemplate":"https:\/\/blog.formenterabreak.com\/?s={search_term_string}"},"query-input":{"@type":"PropertyValueSpecification","valueRequired":true,"valueName":"search_term_string"}}],"inLanguage":"it-IT"},{"@type":"Organization","@id":"https:\/\/blog.formenterabreak.com\/#organization","name":"Formentera Break","url":"https:\/\/blog.formenterabreak.com\/","logo":{"@type":"ImageObject","inLanguage":"it-IT","@id":"https:\/\/blog.formenterabreak.com\/#\/schema\/logo\/image\/","url":"https:\/\/i0.wp.com\/blog.formenterabreak.com\/wp-content\/uploads\/2021\/04\/logo.png?fit=485%2C136&ssl=1","contentUrl":"https:\/\/i0.wp.com\/blog.formenterabreak.com\/wp-content\/uploads\/2021\/04\/logo.png?fit=485%2C136&ssl=1","width":485,"height":136,"caption":"Formentera Break"},"image":{"@id":"https:\/\/blog.formenterabreak.com\/#\/schema\/logo\/image\/"},"sameAs":["https:\/\/www.facebook.com\/formenterabreak","https:\/\/www.instagram.com\/formenterabreak\/","https:\/\/www.tiktok.com\/@formentera.break"]},{"@type":"Person","@id":"https:\/\/blog.formenterabreak.com\/#\/schema\/person\/0cb261818cd2b72826c69277bf1e354b","name":"formenterabreak","image":{"@type":"ImageObject","inLanguage":"it-IT","@id":"https:\/\/secure.gravatar.com\/avatar\/737007e969e60568644f2a06dc1093d08be52ca7f05dde3c22818d2d63802a38?s=96&d=identicon&r=g","url":"https:\/\/secure.gravatar.com\/avatar\/737007e969e60568644f2a06dc1093d08be52ca7f05dde3c22818d2d63802a38?s=96&d=identicon&r=g","contentUrl":"https:\/\/secure.gravatar.com\/avatar\/737007e969e60568644f2a06dc1093d08be52ca7f05dde3c22818d2d63802a38?s=96&d=identicon&r=g","caption":"formenterabreak"},"sameAs":["http:\/\/formenterabreak.wordpress.com"],"url":"https:\/\/blog.formenterabreak.com\/it\/author\/formenterabreak\/"}]}},"jetpack_publicize_connections":[],"jetpack_likes_enabled":true,"jetpack_sharing_enabled":true,"jetpack_shortlink":"https:\/\/wp.me\/pd1o8i-1fh","jetpack_featured_media_url":"https:\/\/i0.wp.com\/blog.formenterabreak.com\/wp-content\/uploads\/2025\/05\/mercat-de-la-mola-71.jpg?fit=3000%2C2000&ssl=1","_links":{"self":[{"href":"https:\/\/blog.formenterabreak.com\/it\/wp-json\/wp\/v2\/posts\/4791","targetHints":{"allow":["GET"]}}],"collection":[{"href":"https:\/\/blog.formenterabreak.com\/it\/wp-json\/wp\/v2\/posts"}],"about":[{"href":"https:\/\/blog.formenterabreak.com\/it\/wp-json\/wp\/v2\/types\/post"}],"author":[{"embeddable":true,"href":"https:\/\/blog.formenterabreak.com\/it\/wp-json\/wp\/v2\/users\/205492823"}],"replies":[{"embeddable":true,"href":"https:\/\/blog.formenterabreak.com\/it\/wp-json\/wp\/v2\/comments?post=4791"}],"version-history":[{"count":1,"href":"https:\/\/blog.formenterabreak.com\/it\/wp-json\/wp\/v2\/posts\/4791\/revisions"}],"predecessor-version":[{"id":4792,"href":"https:\/\/blog.formenterabreak.com\/it\/wp-json\/wp\/v2\/posts\/4791\/revisions\/4792"}],"wp:featuredmedia":[{"embeddable":true,"href":"https:\/\/blog.formenterabreak.com\/it\/wp-json\/wp\/v2\/media\/4776"}],"wp:attachment":[{"href":"https:\/\/blog.formenterabreak.com\/it\/wp-json\/wp\/v2\/media?parent=4791"}],"wp:term":[{"taxonomy":"category","embeddable":true,"href":"https:\/\/blog.formenterabreak.com\/it\/wp-json\/wp\/v2\/categories?post=4791"},{"taxonomy":"post_tag","embeddable":true,"href":"https:\/\/blog.formenterabreak.com\/it\/wp-json\/wp\/v2\/tags?post=4791"}],"curies":[{"name":"wp","href":"https:\/\/api.w.org\/{rel}","templated":true}]}}